{"id":3358,"date":"2025-12-19T06:20:09","date_gmt":"2025-12-19T06:20:09","guid":{"rendered":"https:\/\/moparking.ba\/?p=3358"},"modified":"2025-12-19T06:20:13","modified_gmt":"2025-12-19T06:20:13","slug":"odluka-o-raspisivanju-javnog-natjecaja","status":"publish","type":"post","link":"https:\/\/moparking.ba\/sr\/odluka-o-raspisivanju-javnog-natjecaja\/","title":{"rendered":"Odluka o raspisivanju javnog natje\u010daja"},"content":{"rendered":"<p>Na osnovu Zakona o ministarskim vladinim i drugim imenovanjima u F BiH (\u201eSlu\u017ebene novine F BiH\u201c, broj: 12\/03, 34\/03 i 65\/13), u skladu sa\u00a0 \u010dlanom 8. i 26. Zakona o javnim poduze\u0107ima u Federaciji Bosne i Hercegovine (&#8220;Slu\u017ebene novine Federacije BiH&#8221;, br. 8\/05, 81\/08, 22\/09 i 109\/12), te u vezi sa \u010dlanom 271. Zakona o privrednim dru\u0161tvima (&#8220;Slu\u017ebene novine Federacije BiH&#8221;, br. 81\/15 i 75\/21), \u010dlanom 84. stav (2) Zakona o ra\u010dunovodstvu i reviziji u F BiH (\u201eSlu\u017ebene novine F BiH\u201c, broj: 15\/21), i \u010dlanom 58. Statuta Javnog poduze\u0107a Mostar Parking d.o.o. Mostar, te\u00a0 Odlukom o raspisivanju\u00a0 natje\u010daja za izbor kandidata za predsjednika i dva \u010dlana\u00a0 Odbora za reviziju Javnog poduze\u0107a \u201eMOSTAR PARKING d.o.o. Mostar, broj: 02-01-04\/25 EN od\u00a0 10.11.2025. godine, Nadzorni odbor raspisuje:<\/p>\n\n\n\n<div data-wp-interactive=\"core\/file\" class=\"wp-block-file\"><object data-wp-bind--hidden=\"!state.hasPdfPreview\" hidden class=\"wp-block-file__embed\" data=\"https:\/\/moparking.ba\/wp-content\/uploads\/2025\/12\/Odluka-o-raspisivanju-javnog-natjecaja-1.pdf\" type=\"application\/pdf\" style=\"width:100%;height:600px\" aria-label=\"\u0423\u0433\u043d\u0435\u0437\u0434\u0438\u0442\u0438 Odluka o raspisivanju javnog natje\u010daja.\"><\/object><a id=\"wp-block-file--media-7d30e4c4-0b44-4add-8759-4a1867abbefd\" href=\"https:\/\/moparking.ba\/wp-content\/uploads\/2025\/12\/Odluka-o-raspisivanju-javnog-natjecaja-1.pdf\">Odluka o raspisivanju javnog natje\u010daja<\/a><a href=\"https:\/\/moparking.ba\/wp-content\/uploads\/2025\/12\/Odluka-o-raspisivanju-javnog-natjecaja-1.pdf\" class=\"wp-block-file__button wp-element-button\" download aria-describedby=\"wp-block-file--media-7d30e4c4-0b44-4add-8759-4a1867abbefd\">\u041f\u0440\u0435\u0443\u0437\u0438\u043c\u0430\u045a\u0435<\/a><\/div>\n\n\n\n<div data-wp-interactive=\"core\/file\" class=\"wp-block-file\"><object data-wp-bind--hidden=\"!state.hasPdfPreview\" hidden class=\"wp-block-file__embed\" data=\"https:\/\/moparking.ba\/wp-content\/uploads\/2025\/12\/Tekst-javnog-natjecaja.pdf\" type=\"application\/pdf\" style=\"width:100%;height:600px\" aria-label=\"\u0423\u0433\u043d\u0435\u0437\u0434\u0438\u0442\u0438 Tekst javnog natje\u010daja.\"><\/object><a id=\"wp-block-file--media-f24f7eb6-b2c2-4753-b714-33459fbd57bd\" href=\"https:\/\/moparking.ba\/wp-content\/uploads\/2025\/12\/Tekst-javnog-natjecaja.pdf\">Tekst javnog natje\u010daja<\/a><a href=\"https:\/\/moparking.ba\/wp-content\/uploads\/2025\/12\/Tekst-javnog-natjecaja.pdf\" class=\"wp-block-file__button wp-element-button\" download aria-describedby=\"wp-block-file--media-f24f7eb6-b2c2-4753-b714-33459fbd57bd\">\u041f\u0440\u0435\u0443\u0437\u0438\u043c\u0430\u045a\u0435<\/a><\/div>","protected":false},"excerpt":{"rendered":"<p>Na osnovu Zakona o ministarskim vladinim i drugim imenovanjima u F BiH (\u201eSlu\u017ebene novine F BiH\u201c, broj: 12\/03, 34\/03 i 65\/13), u skladu sa\u00a0 \u010dlanom 8. i 26. Zakona o javnim poduze\u0107ima u Federaciji Bosne i Hercegovine (&#8220;Slu\u017ebene novine Federacije BiH&#8221;, br. 8\/05, 81\/08, 22\/09 i 109\/12), te u vezi sa \u010dlanom 271. Zakona o<\/p>","protected":false},"author":1,"featured_media":3262,"comment_status":"closed","ping_status":"closed","sticky":false,"template":"","format":"standard","meta":{"_uag_custom_page_level_css":"","site-sidebar-layout":"","site-content-layout":"","ast-main-header-display":"","ast-hfb-above-header-display":"","ast-hfb-below-header-display":"","ast-hfb-mobile-header-display":"","site-post-title":"","ast-breadcrumbs-content":"","ast-featured-img":"","footer-sml-layout":"","theme-transparent-header-meta":"","adv-header-id-meta":"","stick-header-meta":"","header-above-stick-meta":"","header-main-stick-meta":"","header-below-stick-meta":"","footnotes":""},"categories":[19],"tags":[],"class_list":["post-3358","post","type-post","status-publish","format-standard","has-post-thumbnail","hentry","category-natjecaji"],"yoast_head":"<!-- This site is optimized with the Yoast SEO plugin v18.9 - https:\/\/yoast.com\/wordpress\/plugins\/seo\/ -->\n<title>Odluka o raspisivanju javnog natje\u010daja - JP &quot;MOSTAR PARKING&quot; d.o.o. Mostar<\/title>\n<meta name=\"robots\" content=\"index, follow, max-snippet:-1, max-image-preview:large, max-video-preview:-1\" \/>\n<link rel=\"canonical\" href=\"https:\/\/moparking.ba\/sr\/odluka-o-raspisivanju-javnog-natjecaja\/\" \/>\n<meta property=\"og:locale\" content=\"sr_RS\" \/>\n<meta property=\"og:type\" content=\"article\" \/>\n<meta property=\"og:title\" content=\"Odluka o raspisivanju javnog natje\u010daja - JP &quot;MOSTAR PARKING&quot; d.o.o. Mostar\" \/>\n<meta property=\"og:description\" content=\"Na osnovu Zakona o ministarskim vladinim i drugim imenovanjima u F BiH (\u201eSlu\u017ebene novine F BiH\u201c, broj: 12\/03, 34\/03 i 65\/13), u skladu sa\u00a0 \u010dlanom 8. i 26. Zakona o javnim poduze\u0107ima u Federaciji Bosne i Hercegovine (&#8220;Slu\u017ebene novine Federacije BiH&#8221;, br. 8\/05, 81\/08, 22\/09 i 109\/12), te u vezi sa \u010dlanom 271. Zakona o\" \/>\n<meta property=\"og:url\" content=\"https:\/\/moparking.ba\/sr\/odluka-o-raspisivanju-javnog-natjecaja\/\" \/>\n<meta property=\"og:site_name\" content=\"JP &quot;MOSTAR PARKING&quot; d.o.o. Mostar\" \/>\n<meta property=\"article:published_time\" content=\"2025-12-19T06:20:09+00:00\" \/>\n<meta property=\"article:modified_time\" content=\"2025-12-19T06:20:13+00:00\" \/>\n<meta property=\"og:image\" content=\"https:\/\/moparking.ba\/wp-content\/uploads\/2025\/07\/natjecaj-posao.png\" \/>\n\t<meta property=\"og:image:width\" content=\"1201\" \/>\n\t<meta property=\"og:image:height\" content=\"629\" \/>\n\t<meta property=\"og:image:type\" content=\"image\/png\" \/>\n<meta name=\"twitter:card\" content=\"summary_large_image\" \/>\n<meta name=\"twitter:label1\" content=\"\u041d\u0430\u043f\u0438\u0441\u0430\u043d\u043e \u043e\u0434\" \/>\n\t<meta name=\"twitter:data1\" content=\"Administrator\" \/>\n\t<meta name=\"twitter:label2\" content=\"\u041f\u0440\u043e\u0446\u0435\u045a\u0435\u043d\u043e \u0432\u0440\u0435\u043c\u0435 \u0447\u0438\u0442\u0430\u045a\u0430\" \/>\n\t<meta name=\"twitter:data2\" content=\"1 \u043c\u0438\u043d\u0443\u0442\" \/>\n<script type=\"application\/ld+json\" class=\"yoast-schema-graph\">{\"@context\":\"https:\/\/schema.org\",\"@graph\":[{\"@type\":\"WebSite\",\"@id\":\"https:\/\/moparking.ba\/#website\",\"url\":\"https:\/\/moparking.ba\/\",\"name\":\"JP &quot;MOSTAR PARKING&quot; d.o.o. Mostar\",\"description\":\"\",\"potentialAction\":[{\"@type\":\"SearchAction\",\"target\":{\"@type\":\"EntryPoint\",\"urlTemplate\":\"https:\/\/moparking.ba\/?s={search_term_string}\"},\"query-input\":\"required name=search_term_string\"}],\"inLanguage\":\"sr-RS\"},{\"@type\":\"ImageObject\",\"inLanguage\":\"sr-RS\",\"@id\":\"https:\/\/moparking.ba\/odluka-o-raspisivanju-javnog-natjecaja\/#primaryimage\",\"url\":\"https:\/\/moparking.ba\/wp-content\/uploads\/2025\/07\/natjecaj-posao.png\",\"contentUrl\":\"https:\/\/moparking.ba\/wp-content\/uploads\/2025\/07\/natjecaj-posao.png\",\"width\":1201,\"height\":629},{\"@type\":\"WebPage\",\"@id\":\"https:\/\/moparking.ba\/odluka-o-raspisivanju-javnog-natjecaja\/#webpage\",\"url\":\"https:\/\/moparking.ba\/odluka-o-raspisivanju-javnog-natjecaja\/\",\"name\":\"Odluka o raspisivanju javnog natje\u010daja - JP &quot;MOSTAR PARKING&quot; d.o.o. Mostar\",\"isPartOf\":{\"@id\":\"https:\/\/moparking.ba\/#website\"},\"primaryImageOfPage\":{\"@id\":\"https:\/\/moparking.ba\/odluka-o-raspisivanju-javnog-natjecaja\/#primaryimage\"},\"datePublished\":\"2025-12-19T06:20:09+00:00\",\"dateModified\":\"2025-12-19T06:20:13+00:00\",\"author\":{\"@id\":\"https:\/\/moparking.ba\/#\/schema\/person\/64f5e8b9b2f2b7a43f33a92d91ce2253\"},\"breadcrumb\":{\"@id\":\"https:\/\/moparking.ba\/odluka-o-raspisivanju-javnog-natjecaja\/#breadcrumb\"},\"inLanguage\":\"sr-RS\",\"potentialAction\":[{\"@type\":\"ReadAction\",\"target\":[\"https:\/\/moparking.ba\/odluka-o-raspisivanju-javnog-natjecaja\/\"]}]},{\"@type\":\"BreadcrumbList\",\"@id\":\"https:\/\/moparking.ba\/odluka-o-raspisivanju-javnog-natjecaja\/#breadcrumb\",\"itemListElement\":[{\"@type\":\"ListItem\",\"position\":1,\"name\":\"Home\",\"item\":\"https:\/\/moparking.ba\/\"},{\"@type\":\"ListItem\",\"position\":2,\"name\":\"Odluka o raspisivanju javnog natje\u010daja\"}]},{\"@type\":\"Person\",\"@id\":\"https:\/\/moparking.ba\/#\/schema\/person\/64f5e8b9b2f2b7a43f33a92d91ce2253\",\"name\":\"Administrator\",\"image\":{\"@type\":\"ImageObject\",\"inLanguage\":\"sr-RS\",\"@id\":\"https:\/\/moparking.ba\/#\/schema\/person\/image\/\",\"url\":\"https:\/\/secure.gravatar.com\/avatar\/dce761fc940034e3d27ca3eccbfddf86af71858980b65c503bd9e2f9efdb8e1e?s=96&d=mm&r=g\",\"contentUrl\":\"https:\/\/secure.gravatar.com\/avatar\/dce761fc940034e3d27ca3eccbfddf86af71858980b65c503bd9e2f9efdb8e1e?s=96&d=mm&r=g\",\"caption\":\"Administrator\"},\"url\":\"https:\/\/moparking.ba\/sr\/author\/admin\/\"}]}<\/script>\n<!-- \/ Yoast SEO plugin. -->","yoast_head_json":{"title":"Odluka o raspisivanju javnog natje\u010daja - JP &quot;MOSTAR PARKING&quot; d.o.o. Mostar","robots":{"index":"index","follow":"follow","max-snippet":"max-snippet:-1","max-image-preview":"max-image-preview:large","max-video-preview":"max-video-preview:-1"},"canonical":"https:\/\/moparking.ba\/sr\/odluka-o-raspisivanju-javnog-natjecaja\/","og_locale":"sr_RS","og_type":"article","og_title":"Odluka o raspisivanju javnog natje\u010daja - JP &quot;MOSTAR PARKING&quot; d.o.o. Mostar","og_description":"Na osnovu Zakona o ministarskim vladinim i drugim imenovanjima u F BiH (\u201eSlu\u017ebene novine F BiH\u201c, broj: 12\/03, 34\/03 i 65\/13), u skladu sa\u00a0 \u010dlanom 8. i 26. Zakona o javnim poduze\u0107ima u Federaciji Bosne i Hercegovine (&#8220;Slu\u017ebene novine Federacije BiH&#8221;, br. 8\/05, 81\/08, 22\/09 i 109\/12), te u vezi sa \u010dlanom 271. Zakona o","og_url":"https:\/\/moparking.ba\/sr\/odluka-o-raspisivanju-javnog-natjecaja\/","og_site_name":"JP &quot;MOSTAR PARKING&quot; d.o.o. Mostar","article_published_time":"2025-12-19T06:20:09+00:00","article_modified_time":"2025-12-19T06:20:13+00:00","og_image":[{"width":1201,"height":629,"url":"https:\/\/moparking.ba\/wp-content\/uploads\/2025\/07\/natjecaj-posao.png","type":"image\/png"}],"twitter_card":"summary_large_image","twitter_misc":{"\u041d\u0430\u043f\u0438\u0441\u0430\u043d\u043e \u043e\u0434":"Administrator","\u041f\u0440\u043e\u0446\u0435\u045a\u0435\u043d\u043e \u0432\u0440\u0435\u043c\u0435 \u0447\u0438\u0442\u0430\u045a\u0430":"1 \u043c\u0438\u043d\u0443\u0442"},"schema":{"@context":"https:\/\/schema.org","@graph":[{"@type":"WebSite","@id":"https:\/\/moparking.ba\/#website","url":"https:\/\/moparking.ba\/","name":"JP &quot;MOSTAR PARKING&quot; d.o.o. Mostar","description":"","potentialAction":[{"@type":"SearchAction","target":{"@type":"EntryPoint","urlTemplate":"https:\/\/moparking.ba\/?s={search_term_string}"},"query-input":"required name=search_term_string"}],"inLanguage":"sr-RS"},{"@type":"ImageObject","inLanguage":"sr-RS","@id":"https:\/\/moparking.ba\/odluka-o-raspisivanju-javnog-natjecaja\/#primaryimage","url":"https:\/\/moparking.ba\/wp-content\/uploads\/2025\/07\/natjecaj-posao.png","contentUrl":"https:\/\/moparking.ba\/wp-content\/uploads\/2025\/07\/natjecaj-posao.png","width":1201,"height":629},{"@type":"WebPage","@id":"https:\/\/moparking.ba\/odluka-o-raspisivanju-javnog-natjecaja\/#webpage","url":"https:\/\/moparking.ba\/odluka-o-raspisivanju-javnog-natjecaja\/","name":"Odluka o raspisivanju javnog natje\u010daja - JP &quot;MOSTAR PARKING&quot; d.o.o. Mostar","isPartOf":{"@id":"https:\/\/moparking.ba\/#website"},"primaryImageOfPage":{"@id":"https:\/\/moparking.ba\/odluka-o-raspisivanju-javnog-natjecaja\/#primaryimage"},"datePublished":"2025-12-19T06:20:09+00:00","dateModified":"2025-12-19T06:20:13+00:00","author":{"@id":"https:\/\/moparking.ba\/#\/schema\/person\/64f5e8b9b2f2b7a43f33a92d91ce2253"},"breadcrumb":{"@id":"https:\/\/moparking.ba\/odluka-o-raspisivanju-javnog-natjecaja\/#breadcrumb"},"inLanguage":"sr-RS","potentialAction":[{"@type":"ReadAction","target":["https:\/\/moparking.ba\/odluka-o-raspisivanju-javnog-natjecaja\/"]}]},{"@type":"BreadcrumbList","@id":"https:\/\/moparking.ba\/odluka-o-raspisivanju-javnog-natjecaja\/#breadcrumb","itemListElement":[{"@type":"ListItem","position":1,"name":"Home","item":"https:\/\/moparking.ba\/"},{"@type":"ListItem","position":2,"name":"Odluka o raspisivanju javnog natje\u010daja"}]},{"@type":"Person","@id":"https:\/\/moparking.ba\/#\/schema\/person\/64f5e8b9b2f2b7a43f33a92d91ce2253","name":"Administrator","image":{"@type":"ImageObject","inLanguage":"sr-RS","@id":"https:\/\/moparking.ba\/#\/schema\/person\/image\/","url":"https:\/\/secure.gravatar.com\/avatar\/dce761fc940034e3d27ca3eccbfddf86af71858980b65c503bd9e2f9efdb8e1e?s=96&d=mm&r=g","contentUrl":"https:\/\/secure.gravatar.com\/avatar\/dce761fc940034e3d27ca3eccbfddf86af71858980b65c503bd9e2f9efdb8e1e?s=96&d=mm&r=g","caption":"Administrator"},"url":"https:\/\/moparking.ba\/sr\/author\/admin\/"}]}},"uagb_featured_image_src":{"full":["https:\/\/moparking.ba\/wp-content\/uploads\/2025\/07\/natjecaj-posao.png",1201,629,false],"thumbnail":["https:\/\/moparking.ba\/wp-content\/uploads\/2025\/07\/natjecaj-posao-150x150.png",150,150,true],"medium":["https:\/\/moparking.ba\/wp-content\/uploads\/2025\/07\/natjecaj-posao-300x157.png",300,157,true],"medium_large":["https:\/\/moparking.ba\/wp-content\/uploads\/2025\/07\/natjecaj-posao-768x402.png",768,402,true],"large":["https:\/\/moparking.ba\/wp-content\/uploads\/2025\/07\/natjecaj-posao-1024x536.png",1024,536,true],"post-slider-thumb-size":["https:\/\/moparking.ba\/wp-content\/uploads\/2025\/07\/natjecaj-posao-330x190.png",330,190,true],"post-category-slider-size":["https:\/\/moparking.ba\/wp-content\/uploads\/2025\/07\/natjecaj-posao-330x350.png",330,350,true],"1536x1536":["https:\/\/moparking.ba\/wp-content\/uploads\/2025\/07\/natjecaj-posao.png",1201,629,false],"2048x2048":["https:\/\/moparking.ba\/wp-content\/uploads\/2025\/07\/natjecaj-posao.png",1201,629,false],"trp-custom-language-flag":["https:\/\/moparking.ba\/wp-content\/uploads\/2025\/07\/natjecaj-posao-18x9.png",18,9,true],"ultp_layout_landscape_large":["https:\/\/moparking.ba\/wp-content\/uploads\/2025\/07\/natjecaj-posao.png",1200,628,false],"ultp_layout_landscape":["https:\/\/moparking.ba\/wp-content\/uploads\/2025\/07\/natjecaj-posao-870x570.png",870,570,true],"ultp_layout_portrait":["https:\/\/moparking.ba\/wp-content\/uploads\/2025\/07\/natjecaj-posao-600x629.png",600,629,true],"ultp_layout_square":["https:\/\/moparking.ba\/wp-content\/uploads\/2025\/07\/natjecaj-posao-600x600.png",600,600,true]},"uagb_author_info":{"display_name":"Administrator","author_link":"https:\/\/moparking.ba\/sr\/author\/admin\/"},"uagb_comment_info":0,"uagb_excerpt":"Na osnovu Zakona o ministarskim vladinim i drugim imenovanjima u F BiH (\u201eSlu\u017ebene novine F BiH\u201c, broj: 12\/03, 34\/03 i 65\/13), u skladu sa\u00a0 \u010dlanom 8. i 26. Zakona o javnim poduze\u0107ima u Federaciji Bosne i Hercegovine (&#8220;Slu\u017ebene novine Federacije BiH&#8221;, br. 8\/05, 81\/08, 22\/09 i 109\/12), te u vezi sa \u010dlanom 271. Zakona o","_links":{"self":[{"href":"https:\/\/moparking.ba\/sr\/wp-json\/wp\/v2\/posts\/3358","targetHints":{"allow":["GET"]}}],"collection":[{"href":"https:\/\/moparking.ba\/sr\/wp-json\/wp\/v2\/posts"}],"about":[{"href":"https:\/\/moparking.ba\/sr\/wp-json\/wp\/v2\/types\/post"}],"author":[{"embeddable":true,"href":"https:\/\/moparking.ba\/sr\/wp-json\/wp\/v2\/users\/1"}],"replies":[{"embeddable":true,"href":"https:\/\/moparking.ba\/sr\/wp-json\/wp\/v2\/comments?post=3358"}],"version-history":[{"count":1,"href":"https:\/\/moparking.ba\/sr\/wp-json\/wp\/v2\/posts\/3358\/revisions"}],"predecessor-version":[{"id":3361,"href":"https:\/\/moparking.ba\/sr\/wp-json\/wp\/v2\/posts\/3358\/revisions\/3361"}],"wp:featuredmedia":[{"embeddable":true,"href":"https:\/\/moparking.ba\/sr\/wp-json\/wp\/v2\/media\/3262"}],"wp:attachment":[{"href":"https:\/\/moparking.ba\/sr\/wp-json\/wp\/v2\/media?parent=3358"}],"wp:term":[{"taxonomy":"category","embeddable":true,"href":"https:\/\/moparking.ba\/sr\/wp-json\/wp\/v2\/categories?post=3358"},{"taxonomy":"post_tag","embeddable":true,"href":"https:\/\/moparking.ba\/sr\/wp-json\/wp\/v2\/tags?post=3358"}],"curies":[{"name":"wp","href":"https:\/\/api.w.org\/{rel}","templated":true}]}}