{"id":2517,"date":"2022-12-15T15:00:30","date_gmt":"2022-12-15T15:00:30","guid":{"rendered":"https:\/\/moparking.ba\/?p=2517"},"modified":"2024-08-20T14:27:17","modified_gmt":"2024-08-20T14:27:17","slug":"pocetak-naplate-mostar-parking-centar-2-staro-velezovo","status":"publish","type":"post","link":"https:\/\/moparking.ba\/sr\/pocetak-naplate-mostar-parking-centar-2-staro-velezovo\/","title":{"rendered":"Va\u017ena obavijest za sve gra\u0111ane i korisnike javnih parkirali\u0161ta U Gradu Mostaru"},"content":{"rendered":"<p>Od srijede, 21.12.2022, po\u010dinje naplata javnih parkirali\u0161ta u nekoliko kvartovskih podru\u010dja.<\/p>\n\n\n\n<p>Naplata javnih parkirali\u0161ta po\u010dinje u kvartovskom podru\u010dju koje je ome\u0111eno ulicama Dr. Ante Star\u010devi\u0107a, Kneza Vi\u0161eslava, Tina Ujevi\u0107a (nekada\u0161nja ulica Voki\u0107a i Lorkovi\u0107a) i Alekse \u0160anti\u0107a (nekada\u0161nja ulica Mile Budaka). Podru\u010dje je ovo u Gradu Mostaru poznato kao \u201eCentar 2&#8243; i &#8220;Centar 3\u201c.<\/p>\n\n\n\n<p>Uz to, od navedenog datuma po\u010dinje i naplata javnih parkirali\u0161ta u kvartovskom podru\u010dju koje je ome\u0111eno ulicama Kralja Tomislava, Stjepana Radi\u0107a i Kralja Petra Kre\u0161imira IV. Podru\u010dje je ovo u Gradu Mostaru poznato kao \u201eStaro Vele\u017eovo\u201c ili \u201eStrel\u010devina\u201c.<\/p>\n\n\n\n<p>Oba spomenuta podru\u010dja se nalaze unutar Parking Zone II te je vertikalna signalizacija uz parking automate ve\u0107 postavljena. Sve lokacije parking automata u Gradu Mostaru mo\u017eete prona\u0107i na slu\u017ebenoj stranici JP \u201eMOSTAR PARKING\u201c d.o.o. Mostar.<\/p>\n\n\n\n<hr class=\"wp-block-separator\"\/>\n\n\n\n<p>Naplata javnih parkirali\u0161ta po\u010dinje i u kvartu koji je ome\u0111en ulicama Kralja Zvonimira, Kralja Tvrtka, Stjepana Radi\u0107a i Kralja Tomislava. Podru\u010dje je to od Srednje strojarske \u0161kole Fausta Vran\u010di\u0107a i nekada\u0161njeg \u0110a\u010dkog doma. Vertikalna signalizacija uz parking aparat je ve\u0107 postavljena.<\/p>\n\n\n\n<p>Preko puta spomenutog kvarta, s lijeve strane ulice Kralja Zvonimira (smjer kretanja od kri\u017eanja ulica Kralja Zvonimira i Kralja Tvrtka) tako\u0111er po\u010dinje naplata javnih parkirali\u0161ta te je vertikalna signalizacija uz parking aparat ve\u0107 postavljena.<\/p>\n\n\n\n<p>Oba spomenuta podru\u010dja se nalaze unutar Parking Zone I. Sve lokacije parking automata u Gradu Mostaru mo\u017eete prona\u0107i na slu\u017ebenoj stranici JP \u201eMOSTAR PARKING\u201c d.o.o. Mostar.<\/p>\n\n\n\n<hr class=\"wp-block-separator\"\/>\n\n\n\n<p>Cijene parkinga na javnim parkirali\u0161tima u Zoni I su:<br>Satna parking karta \u2013 1.50 KM<br>Dnevna parking karta \u2013 20.00 KM<br>Povla\u0161tena mjese\u010dna parking karta \u2013 25.00 KM<br>Povla\u0161tena godi\u0161nja parking karta \u2013 225.00 KM<\/p>\n\n\n\n<p>Cijene parkinga na javnim parkirali\u0161tima u Zoni II su:<br>Satna parking karta \u2013 1.00 KM<br>Dnevna parking karta \u2013 15.00 KM<br>Povla\u0161tena mjese\u010dna parking karta \u2013 15.00 KM<br>Povla\u0161tena godi\u0161nja parking karta \u2013 135.00 KM<\/p>\n\n\n\n<p>Svoje povla\u0161tene parking karte mo\u017eete kupiti u prostorijama poduze\u0107a JP \u201eMOSTAR PARKING\u201c d.o.o. Mostar na Bulevaru (preko puta Doma Zdravlja). Za prvu kupovinu povla\u0161tene parking karte, potrebno je prilo\u017eiti kopiju prometne\/saobra\u0107ajne, potvrdu o prebivali\u0161tu (ne stariju od 6 mjeseci) te popuniti obrazac koji mo\u017eete preuzeti sa stranice ili u prostorijama poduze\u0107a. NAPOMENA: Prometna\/saobra\u0107ajna mora glasiti na isto fizi\u010dko lice kao na potvrdi o prebivali\u0161tu.<\/p>","protected":false},"excerpt":{"rendered":"<p>Od srijede, 21.12.2022, po\u010dinje naplata javnih parkirali\u0161ta u nekoliko kvartovskih podru\u010dja. Naplata javnih parkirali\u0161ta po\u010dinje u kvartovskom podru\u010dju koje je ome\u0111eno ulicama Dr. Ante Star\u010devi\u0107a, Kneza Vi\u0161eslava, Tina Ujevi\u0107a (nekada\u0161nja ulica Voki\u0107a i Lorkovi\u0107a) i Alekse \u0160anti\u0107a (nekada\u0161nja ulica Mile Budaka). Podru\u010dje je ovo u Gradu Mostaru poznato kao \u201eCentar 2&#8243; i &#8220;Centar 3\u201c. Uz<\/p>","protected":false},"author":1,"featured_media":2518,"comment_status":"closed","ping_status":"closed","sticky":false,"template":"","format":"standard","meta":{"_uag_custom_page_level_css":"","site-sidebar-layout":"","site-content-layout":"","ast-main-header-display":"","ast-hfb-above-header-display":"","ast-hfb-below-header-display":"","ast-hfb-mobile-header-display":"","site-post-title":"","ast-breadcrumbs-content":"","ast-featured-img":"","footer-sml-layout":"","theme-transparent-header-meta":"","adv-header-id-meta":"","stick-header-meta":"","header-above-stick-meta":"","header-main-stick-meta":"","header-below-stick-meta":"","footnotes":""},"categories":[4],"tags":[],"class_list":["post-2517","post","type-post","status-publish","format-standard","has-post-thumbnail","hentry","category-novosti"],"yoast_head":"<!-- This site is optimized with the Yoast SEO plugin v18.9 - https:\/\/yoast.com\/wordpress\/plugins\/seo\/ -->\n<title>Va\u017ena obavijest za sve gra\u0111ane i korisnike javnih parkirali\u0161ta U Gradu Mostaru - JP &quot;MOSTAR PARKING&quot; d.o.o. Mostar<\/title>\n<meta name=\"description\" content=\"JP &quot;MOSTAR PARKING&quot; d.o.o. Mostar po\u010dinje s naplatom javnih parkirali\u0161ta u kvartovima koji se u Mostaru znaju kao...\" \/>\n<meta name=\"robots\" content=\"index, follow, max-snippet:-1, max-image-preview:large, max-video-preview:-1\" \/>\n<link rel=\"canonical\" href=\"https:\/\/moparking.ba\/sr\/pocetak-naplate-mostar-parking-centar-2-staro-velezovo\/\" \/>\n<meta property=\"og:locale\" content=\"sr_RS\" \/>\n<meta property=\"og:type\" content=\"article\" \/>\n<meta property=\"og:title\" content=\"Va\u017ena obavijest za sve gra\u0111ane i korisnike javnih parkirali\u0161ta U Gradu Mostaru - JP &quot;MOSTAR PARKING&quot; d.o.o. Mostar\" \/>\n<meta property=\"og:description\" content=\"JP &quot;MOSTAR PARKING&quot; d.o.o. Mostar po\u010dinje s naplatom javnih parkirali\u0161ta u kvartovima koji se u Mostaru znaju kao...\" \/>\n<meta property=\"og:url\" content=\"https:\/\/moparking.ba\/sr\/pocetak-naplate-mostar-parking-centar-2-staro-velezovo\/\" \/>\n<meta property=\"og:site_name\" content=\"JP &quot;MOSTAR PARKING&quot; d.o.o. Mostar\" \/>\n<meta property=\"article:published_time\" content=\"2022-12-15T15:00:30+00:00\" \/>\n<meta property=\"article:modified_time\" content=\"2024-08-20T14:27:17+00:00\" \/>\n<meta property=\"og:image\" content=\"https:\/\/moparking.ba\/wp-content\/uploads\/2022\/12\/viber_slika_2022-11-12_11-56-38-444.jpg\" \/>\n\t<meta property=\"og:image:width\" content=\"1195\" \/>\n\t<meta property=\"og:image:height\" content=\"757\" \/>\n\t<meta property=\"og:image:type\" content=\"image\/jpeg\" \/>\n<meta name=\"twitter:card\" content=\"summary_large_image\" \/>\n<meta name=\"twitter:label1\" content=\"\u041d\u0430\u043f\u0438\u0441\u0430\u043d\u043e \u043e\u0434\" \/>\n\t<meta name=\"twitter:data1\" content=\"Administrator\" \/>\n\t<meta name=\"twitter:label2\" content=\"\u041f\u0440\u043e\u0446\u0435\u045a\u0435\u043d\u043e \u0432\u0440\u0435\u043c\u0435 \u0447\u0438\u0442\u0430\u045a\u0430\" \/>\n\t<meta name=\"twitter:data2\" content=\"2 \u043c\u0438\u043d\u0443\u0442\u0430\" \/>\n<script type=\"application\/ld+json\" class=\"yoast-schema-graph\">{\"@context\":\"https:\/\/schema.org\",\"@graph\":[{\"@type\":\"WebSite\",\"@id\":\"https:\/\/moparking.ba\/#website\",\"url\":\"https:\/\/moparking.ba\/\",\"name\":\"JP &quot;MOSTAR PARKING&quot; d.o.o. Mostar\",\"description\":\"\",\"potentialAction\":[{\"@type\":\"SearchAction\",\"target\":{\"@type\":\"EntryPoint\",\"urlTemplate\":\"https:\/\/moparking.ba\/?s={search_term_string}\"},\"query-input\":\"required name=search_term_string\"}],\"inLanguage\":\"sr-RS\"},{\"@type\":\"ImageObject\",\"inLanguage\":\"sr-RS\",\"@id\":\"https:\/\/moparking.ba\/pocetak-naplate-mostar-parking-centar-2-staro-velezovo\/#primaryimage\",\"url\":\"https:\/\/moparking.ba\/wp-content\/uploads\/2022\/12\/viber_slika_2022-11-12_11-56-38-444.jpg\",\"contentUrl\":\"https:\/\/moparking.ba\/wp-content\/uploads\/2022\/12\/viber_slika_2022-11-12_11-56-38-444.jpg\",\"width\":1195,\"height\":757},{\"@type\":\"WebPage\",\"@id\":\"https:\/\/moparking.ba\/pocetak-naplate-mostar-parking-centar-2-staro-velezovo\/#webpage\",\"url\":\"https:\/\/moparking.ba\/pocetak-naplate-mostar-parking-centar-2-staro-velezovo\/\",\"name\":\"Va\u017ena obavijest za sve gra\u0111ane i korisnike javnih parkirali\u0161ta U Gradu Mostaru - JP &quot;MOSTAR PARKING&quot; d.o.o. Mostar\",\"isPartOf\":{\"@id\":\"https:\/\/moparking.ba\/#website\"},\"primaryImageOfPage\":{\"@id\":\"https:\/\/moparking.ba\/pocetak-naplate-mostar-parking-centar-2-staro-velezovo\/#primaryimage\"},\"datePublished\":\"2022-12-15T15:00:30+00:00\",\"dateModified\":\"2024-08-20T14:27:17+00:00\",\"author\":{\"@id\":\"https:\/\/moparking.ba\/#\/schema\/person\/64f5e8b9b2f2b7a43f33a92d91ce2253\"},\"description\":\"JP \\\"MOSTAR PARKING\\\" d.o.o. Mostar po\u010dinje s naplatom javnih parkirali\u0161ta u kvartovima koji se u Mostaru znaju kao...\",\"breadcrumb\":{\"@id\":\"https:\/\/moparking.ba\/pocetak-naplate-mostar-parking-centar-2-staro-velezovo\/#breadcrumb\"},\"inLanguage\":\"sr-RS\",\"potentialAction\":[{\"@type\":\"ReadAction\",\"target\":[\"https:\/\/moparking.ba\/pocetak-naplate-mostar-parking-centar-2-staro-velezovo\/\"]}]},{\"@type\":\"BreadcrumbList\",\"@id\":\"https:\/\/moparking.ba\/pocetak-naplate-mostar-parking-centar-2-staro-velezovo\/#breadcrumb\",\"itemListElement\":[{\"@type\":\"ListItem\",\"position\":1,\"name\":\"Home\",\"item\":\"https:\/\/moparking.ba\/\"},{\"@type\":\"ListItem\",\"position\":2,\"name\":\"Va\u017ena obavijest za sve gra\u0111ane i korisnike javnih parkirali\u0161ta U Gradu Mostaru\"}]},{\"@type\":\"Person\",\"@id\":\"https:\/\/moparking.ba\/#\/schema\/person\/64f5e8b9b2f2b7a43f33a92d91ce2253\",\"name\":\"Administrator\",\"image\":{\"@type\":\"ImageObject\",\"inLanguage\":\"sr-RS\",\"@id\":\"https:\/\/moparking.ba\/#\/schema\/person\/image\/\",\"url\":\"https:\/\/secure.gravatar.com\/avatar\/dce761fc940034e3d27ca3eccbfddf86af71858980b65c503bd9e2f9efdb8e1e?s=96&d=mm&r=g\",\"contentUrl\":\"https:\/\/secure.gravatar.com\/avatar\/dce761fc940034e3d27ca3eccbfddf86af71858980b65c503bd9e2f9efdb8e1e?s=96&d=mm&r=g\",\"caption\":\"Administrator\"},\"url\":\"https:\/\/moparking.ba\/sr\/author\/admin\/\"}]}<\/script>\n<!-- \/ Yoast SEO plugin. -->","yoast_head_json":{"title":"Va\u017ena obavijest za sve gra\u0111ane i korisnike javnih parkirali\u0161ta U Gradu Mostaru - JP &quot;MOSTAR PARKING&quot; d.o.o. Mostar","description":"JP \"MOSTAR PARKING\" d.o.o. Mostar po\u010dinje s naplatom javnih parkirali\u0161ta u kvartovima koji se u Mostaru znaju kao...","robots":{"index":"index","follow":"follow","max-snippet":"max-snippet:-1","max-image-preview":"max-image-preview:large","max-video-preview":"max-video-preview:-1"},"canonical":"https:\/\/moparking.ba\/sr\/pocetak-naplate-mostar-parking-centar-2-staro-velezovo\/","og_locale":"sr_RS","og_type":"article","og_title":"Va\u017ena obavijest za sve gra\u0111ane i korisnike javnih parkirali\u0161ta U Gradu Mostaru - JP &quot;MOSTAR PARKING&quot; d.o.o. Mostar","og_description":"JP \"MOSTAR PARKING\" d.o.o. Mostar po\u010dinje s naplatom javnih parkirali\u0161ta u kvartovima koji se u Mostaru znaju kao...","og_url":"https:\/\/moparking.ba\/sr\/pocetak-naplate-mostar-parking-centar-2-staro-velezovo\/","og_site_name":"JP &quot;MOSTAR PARKING&quot; d.o.o. Mostar","article_published_time":"2022-12-15T15:00:30+00:00","article_modified_time":"2024-08-20T14:27:17+00:00","og_image":[{"width":1195,"height":757,"url":"https:\/\/moparking.ba\/wp-content\/uploads\/2022\/12\/viber_slika_2022-11-12_11-56-38-444.jpg","type":"image\/jpeg"}],"twitter_card":"summary_large_image","twitter_misc":{"\u041d\u0430\u043f\u0438\u0441\u0430\u043d\u043e \u043e\u0434":"Administrator","\u041f\u0440\u043e\u0446\u0435\u045a\u0435\u043d\u043e \u0432\u0440\u0435\u043c\u0435 \u0447\u0438\u0442\u0430\u045a\u0430":"2 \u043c\u0438\u043d\u0443\u0442\u0430"},"schema":{"@context":"https:\/\/schema.org","@graph":[{"@type":"WebSite","@id":"https:\/\/moparking.ba\/#website","url":"https:\/\/moparking.ba\/","name":"JP &quot;MOSTAR PARKING&quot; d.o.o. Mostar","description":"","potentialAction":[{"@type":"SearchAction","target":{"@type":"EntryPoint","urlTemplate":"https:\/\/moparking.ba\/?s={search_term_string}"},"query-input":"required name=search_term_string"}],"inLanguage":"sr-RS"},{"@type":"ImageObject","inLanguage":"sr-RS","@id":"https:\/\/moparking.ba\/pocetak-naplate-mostar-parking-centar-2-staro-velezovo\/#primaryimage","url":"https:\/\/moparking.ba\/wp-content\/uploads\/2022\/12\/viber_slika_2022-11-12_11-56-38-444.jpg","contentUrl":"https:\/\/moparking.ba\/wp-content\/uploads\/2022\/12\/viber_slika_2022-11-12_11-56-38-444.jpg","width":1195,"height":757},{"@type":"WebPage","@id":"https:\/\/moparking.ba\/pocetak-naplate-mostar-parking-centar-2-staro-velezovo\/#webpage","url":"https:\/\/moparking.ba\/pocetak-naplate-mostar-parking-centar-2-staro-velezovo\/","name":"Va\u017ena obavijest za sve gra\u0111ane i korisnike javnih parkirali\u0161ta U Gradu Mostaru - JP &quot;MOSTAR PARKING&quot; d.o.o. Mostar","isPartOf":{"@id":"https:\/\/moparking.ba\/#website"},"primaryImageOfPage":{"@id":"https:\/\/moparking.ba\/pocetak-naplate-mostar-parking-centar-2-staro-velezovo\/#primaryimage"},"datePublished":"2022-12-15T15:00:30+00:00","dateModified":"2024-08-20T14:27:17+00:00","author":{"@id":"https:\/\/moparking.ba\/#\/schema\/person\/64f5e8b9b2f2b7a43f33a92d91ce2253"},"description":"JP \"MOSTAR PARKING\" d.o.o. Mostar po\u010dinje s naplatom javnih parkirali\u0161ta u kvartovima koji se u Mostaru znaju kao...","breadcrumb":{"@id":"https:\/\/moparking.ba\/pocetak-naplate-mostar-parking-centar-2-staro-velezovo\/#breadcrumb"},"inLanguage":"sr-RS","potentialAction":[{"@type":"ReadAction","target":["https:\/\/moparking.ba\/pocetak-naplate-mostar-parking-centar-2-staro-velezovo\/"]}]},{"@type":"BreadcrumbList","@id":"https:\/\/moparking.ba\/pocetak-naplate-mostar-parking-centar-2-staro-velezovo\/#breadcrumb","itemListElement":[{"@type":"ListItem","position":1,"name":"Home","item":"https:\/\/moparking.ba\/"},{"@type":"ListItem","position":2,"name":"Va\u017ena obavijest za sve gra\u0111ane i korisnike javnih parkirali\u0161ta U Gradu Mostaru"}]},{"@type":"Person","@id":"https:\/\/moparking.ba\/#\/schema\/person\/64f5e8b9b2f2b7a43f33a92d91ce2253","name":"Administrator","image":{"@type":"ImageObject","inLanguage":"sr-RS","@id":"https:\/\/moparking.ba\/#\/schema\/person\/image\/","url":"https:\/\/secure.gravatar.com\/avatar\/dce761fc940034e3d27ca3eccbfddf86af71858980b65c503bd9e2f9efdb8e1e?s=96&d=mm&r=g","contentUrl":"https:\/\/secure.gravatar.com\/avatar\/dce761fc940034e3d27ca3eccbfddf86af71858980b65c503bd9e2f9efdb8e1e?s=96&d=mm&r=g","caption":"Administrator"},"url":"https:\/\/moparking.ba\/sr\/author\/admin\/"}]}},"uagb_featured_image_src":{"full":["https:\/\/moparking.ba\/wp-content\/uploads\/2022\/12\/viber_slika_2022-11-12_11-56-38-444.jpg",1195,757,false],"thumbnail":["https:\/\/moparking.ba\/wp-content\/uploads\/2022\/12\/viber_slika_2022-11-12_11-56-38-444-150x150.jpg",150,150,true],"medium":["https:\/\/moparking.ba\/wp-content\/uploads\/2022\/12\/viber_slika_2022-11-12_11-56-38-444-300x190.jpg",300,190,true],"medium_large":["https:\/\/moparking.ba\/wp-content\/uploads\/2022\/12\/viber_slika_2022-11-12_11-56-38-444-768x487.jpg",768,487,true],"large":["https:\/\/moparking.ba\/wp-content\/uploads\/2022\/12\/viber_slika_2022-11-12_11-56-38-444-1024x649.jpg",1024,649,true],"post-slider-thumb-size":["https:\/\/moparking.ba\/wp-content\/uploads\/2022\/12\/viber_slika_2022-11-12_11-56-38-444-330x190.jpg",330,190,true],"post-category-slider-size":["https:\/\/moparking.ba\/wp-content\/uploads\/2022\/12\/viber_slika_2022-11-12_11-56-38-444-330x350.jpg",330,350,true],"1536x1536":["https:\/\/moparking.ba\/wp-content\/uploads\/2022\/12\/viber_slika_2022-11-12_11-56-38-444.jpg",1195,757,false],"2048x2048":["https:\/\/moparking.ba\/wp-content\/uploads\/2022\/12\/viber_slika_2022-11-12_11-56-38-444.jpg",1195,757,false],"trp-custom-language-flag":["https:\/\/moparking.ba\/wp-content\/uploads\/2022\/12\/viber_slika_2022-11-12_11-56-38-444-18x12.jpg",18,12,true],"ultp_layout_landscape_large":["https:\/\/moparking.ba\/wp-content\/uploads\/2022\/12\/viber_slika_2022-11-12_11-56-38-444.jpg",1195,757,false],"ultp_layout_landscape":["https:\/\/moparking.ba\/wp-content\/uploads\/2022\/12\/viber_slika_2022-11-12_11-56-38-444-870x570.jpg",870,570,true],"ultp_layout_portrait":["https:\/\/moparking.ba\/wp-content\/uploads\/2022\/12\/viber_slika_2022-11-12_11-56-38-444-600x757.jpg",600,757,true],"ultp_layout_square":["https:\/\/moparking.ba\/wp-content\/uploads\/2022\/12\/viber_slika_2022-11-12_11-56-38-444-600x600.jpg",600,600,true]},"uagb_author_info":{"display_name":"Administrator","author_link":"https:\/\/moparking.ba\/sr\/author\/admin\/"},"uagb_comment_info":0,"uagb_excerpt":"Od srijede, 21.12.2022, po\u010dinje naplata javnih parkirali\u0161ta u nekoliko kvartovskih podru\u010dja. Naplata javnih parkirali\u0161ta po\u010dinje u kvartovskom podru\u010dju koje je ome\u0111eno ulicama Dr. Ante Star\u010devi\u0107a, Kneza Vi\u0161eslava, Tina Ujevi\u0107a (nekada\u0161nja ulica Voki\u0107a i Lorkovi\u0107a) i Alekse \u0160anti\u0107a (nekada\u0161nja ulica Mile Budaka). Podru\u010dje je ovo u Gradu Mostaru poznato kao \u201eCentar 2&#8243; i &#8220;Centar 3\u201c. Uz","_links":{"self":[{"href":"https:\/\/moparking.ba\/sr\/wp-json\/wp\/v2\/posts\/2517","targetHints":{"allow":["GET"]}}],"collection":[{"href":"https:\/\/moparking.ba\/sr\/wp-json\/wp\/v2\/posts"}],"about":[{"href":"https:\/\/moparking.ba\/sr\/wp-json\/wp\/v2\/types\/post"}],"author":[{"embeddable":true,"href":"https:\/\/moparking.ba\/sr\/wp-json\/wp\/v2\/users\/1"}],"replies":[{"embeddable":true,"href":"https:\/\/moparking.ba\/sr\/wp-json\/wp\/v2\/comments?post=2517"}],"version-history":[{"count":9,"href":"https:\/\/moparking.ba\/sr\/wp-json\/wp\/v2\/posts\/2517\/revisions"}],"predecessor-version":[{"id":2530,"href":"https:\/\/moparking.ba\/sr\/wp-json\/wp\/v2\/posts\/2517\/revisions\/2530"}],"wp:featuredmedia":[{"embeddable":true,"href":"https:\/\/moparking.ba\/sr\/wp-json\/wp\/v2\/media\/2518"}],"wp:attachment":[{"href":"https:\/\/moparking.ba\/sr\/wp-json\/wp\/v2\/media?parent=2517"}],"wp:term":[{"taxonomy":"category","embeddable":true,"href":"https:\/\/moparking.ba\/sr\/wp-json\/wp\/v2\/categories?post=2517"},{"taxonomy":"post_tag","embeddable":true,"href":"https:\/\/moparking.ba\/sr\/wp-json\/wp\/v2\/tags?post=2517"}],"curies":[{"name":"wp","href":"https:\/\/api.w.org\/{rel}","templated":true}]}}