{"id":2444,"date":"2022-10-03T09:48:40","date_gmt":"2022-10-03T09:48:40","guid":{"rendered":"https:\/\/moparking.ba\/?p=2444"},"modified":"2024-08-20T14:27:18","modified_gmt":"2024-08-20T14:27:18","slug":"moparking-se-ponovno-nasao-na-meti-vandala","status":"publish","type":"post","link":"https:\/\/moparking.ba\/sr\/moparking-se-ponovno-nasao-na-meti-vandala\/","title":{"rendered":"MoParking se ponovno na\u0161ao na meti vandala"},"content":{"rendered":"<p>JP Mostar Parking se ponovno na\u0161ao na meti vandala. Nepoznati po\u010dinitelji su u ulici Hrvatske mlade\u017ei tijekom jutro uni\u0161tili javnu gradsku infrastrukturu, odnosno dva parking aparata.<\/p>\n\n\n\n<p>JP Mostar Parking d.o.o. \u0107e podnijeti kaznenu prijavu protiv nepoznatog po\u010dinitelja kako bi se odgovorni za nano\u0161enje materijalne \u0161tete i uni\u0161tavanje javne gradske infrastruktrue primjereno kaznili.<\/p>\n\n\n\n<div class=\"wp-block-image\"><figure class=\"aligncenter size-large\"><img loading=\"lazy\" decoding=\"async\" width=\"766\" height=\"1024\" src=\"https:\/\/moparking.ba\/wp-content\/uploads\/2022\/10\/image-766x1024.png\" alt=\"\" class=\"wp-image-2445\" srcset=\"https:\/\/moparking.ba\/wp-content\/uploads\/2022\/10\/image-766x1024.png 766w, https:\/\/moparking.ba\/wp-content\/uploads\/2022\/10\/image-224x300.png 224w, https:\/\/moparking.ba\/wp-content\/uploads\/2022\/10\/image-768x1027.png 768w, https:\/\/moparking.ba\/wp-content\/uploads\/2022\/10\/image-1149x1536.png 1149w, https:\/\/moparking.ba\/wp-content\/uploads\/2022\/10\/image-9x12.png 9w, https:\/\/moparking.ba\/wp-content\/uploads\/2022\/10\/image.png 1197w\" sizes=\"auto, (max-width: 766px) 100vw, 766px\" \/><\/figure><\/div>\n\n\n\n<p>Ovo je u zadnjih nekoliko dana ve\u0107 tre\u0107i put da se u naseljima \u201cEksperiment\u201d i ulici Hrvatske mlade\u017ei uni\u0161tava vertikalna parking signalizacija a evo sada i parking aparat.<\/p>\n\n\n\n<p>Molimo nadle\u017ene, odnosno policijsku upravu da djeluje po svojoj nadle\u017enosti te poja\u010da sigurnost i kontrolu u ovim gradskim naseljima kako bi se ovakvi nemili doga\u0111aji sprije\u010dili.<\/p>","protected":false},"excerpt":{"rendered":"<p>JP Mostar Parking se ponovno na\u0161ao na meti vandala. Nepoznati po\u010dinitelji su u ulici Hrvatske mlade\u017ei tijekom jutro uni\u0161tili javnu gradsku infrastrukturu, odnosno dva parking aparata. JP Mostar Parking d.o.o. \u0107e podnijeti kaznenu prijavu protiv nepoznatog po\u010dinitelja kako bi se odgovorni za nano\u0161enje materijalne \u0161tete i uni\u0161tavanje javne gradske infrastruktrue primjereno kaznili. Ovo je u<\/p>","protected":false},"author":1,"featured_media":2446,"comment_status":"closed","ping_status":"closed","sticky":false,"template":"","format":"standard","meta":{"_uag_custom_page_level_css":"","site-sidebar-layout":"","site-content-layout":"","ast-main-header-display":"","ast-hfb-above-header-display":"","ast-hfb-below-header-display":"","ast-hfb-mobile-header-display":"","site-post-title":"","ast-breadcrumbs-content":"","ast-featured-img":"","footer-sml-layout":"","theme-transparent-header-meta":"","adv-header-id-meta":"","stick-header-meta":"","header-above-stick-meta":"","header-main-stick-meta":"","header-below-stick-meta":"","footnotes":""},"categories":[4],"tags":[],"class_list":["post-2444","post","type-post","status-publish","format-standard","has-post-thumbnail","hentry","category-novosti"],"yoast_head":"<!-- This site is optimized with the Yoast SEO plugin v18.9 - https:\/\/yoast.com\/wordpress\/plugins\/seo\/ -->\n<title>MoParking se ponovno na\u0161ao na meti vandala - JP &quot;MOSTAR PARKING&quot; d.o.o. Mostar<\/title>\n<meta name=\"robots\" content=\"index, follow, max-snippet:-1, max-image-preview:large, max-video-preview:-1\" \/>\n<link rel=\"canonical\" href=\"https:\/\/moparking.ba\/sr\/moparking-se-ponovno-nasao-na-meti-vandala\/\" \/>\n<meta property=\"og:locale\" content=\"sr_RS\" \/>\n<meta property=\"og:type\" content=\"article\" \/>\n<meta property=\"og:title\" content=\"MoParking se ponovno na\u0161ao na meti vandala - JP &quot;MOSTAR PARKING&quot; d.o.o. Mostar\" \/>\n<meta property=\"og:description\" content=\"JP Mostar Parking se ponovno na\u0161ao na meti vandala. Nepoznati po\u010dinitelji su u ulici Hrvatske mlade\u017ei tijekom jutro uni\u0161tili javnu gradsku infrastrukturu, odnosno dva parking aparata. JP Mostar Parking d.o.o. \u0107e podnijeti kaznenu prijavu protiv nepoznatog po\u010dinitelja kako bi se odgovorni za nano\u0161enje materijalne \u0161tete i uni\u0161tavanje javne gradske infrastruktrue primjereno kaznili. Ovo je u\" \/>\n<meta property=\"og:url\" content=\"https:\/\/moparking.ba\/sr\/moparking-se-ponovno-nasao-na-meti-vandala\/\" \/>\n<meta property=\"og:site_name\" content=\"JP &quot;MOSTAR PARKING&quot; d.o.o. Mostar\" \/>\n<meta property=\"article:published_time\" content=\"2022-10-03T09:48:40+00:00\" \/>\n<meta property=\"article:modified_time\" content=\"2024-08-20T14:27:18+00:00\" \/>\n<meta property=\"og:image\" content=\"https:\/\/moparking.ba\/wp-content\/uploads\/2022\/10\/309805357_779833013240917_2592225169495140937_n.jpg\" \/>\n\t<meta property=\"og:image:width\" content=\"1600\" \/>\n\t<meta property=\"og:image:height\" content=\"1200\" \/>\n\t<meta property=\"og:image:type\" content=\"image\/jpeg\" \/>\n<meta name=\"twitter:card\" content=\"summary_large_image\" \/>\n<meta name=\"twitter:label1\" content=\"\u041d\u0430\u043f\u0438\u0441\u0430\u043d\u043e \u043e\u0434\" \/>\n\t<meta name=\"twitter:data1\" content=\"Administrator\" \/>\n\t<meta name=\"twitter:label2\" content=\"\u041f\u0440\u043e\u0446\u0435\u045a\u0435\u043d\u043e \u0432\u0440\u0435\u043c\u0435 \u0447\u0438\u0442\u0430\u045a\u0430\" \/>\n\t<meta name=\"twitter:data2\" content=\"1 \u043c\u0438\u043d\u0443\u0442\" \/>\n<script type=\"application\/ld+json\" class=\"yoast-schema-graph\">{\"@context\":\"https:\/\/schema.org\",\"@graph\":[{\"@type\":\"WebSite\",\"@id\":\"https:\/\/moparking.ba\/#website\",\"url\":\"https:\/\/moparking.ba\/\",\"name\":\"JP &quot;MOSTAR PARKING&quot; d.o.o. Mostar\",\"description\":\"\",\"potentialAction\":[{\"@type\":\"SearchAction\",\"target\":{\"@type\":\"EntryPoint\",\"urlTemplate\":\"https:\/\/moparking.ba\/?s={search_term_string}\"},\"query-input\":\"required name=search_term_string\"}],\"inLanguage\":\"sr-RS\"},{\"@type\":\"ImageObject\",\"inLanguage\":\"sr-RS\",\"@id\":\"https:\/\/moparking.ba\/moparking-se-ponovno-nasao-na-meti-vandala\/#primaryimage\",\"url\":\"https:\/\/moparking.ba\/wp-content\/uploads\/2022\/10\/309805357_779833013240917_2592225169495140937_n.jpg\",\"contentUrl\":\"https:\/\/moparking.ba\/wp-content\/uploads\/2022\/10\/309805357_779833013240917_2592225169495140937_n.jpg\",\"width\":1600,\"height\":1200},{\"@type\":\"WebPage\",\"@id\":\"https:\/\/moparking.ba\/moparking-se-ponovno-nasao-na-meti-vandala\/#webpage\",\"url\":\"https:\/\/moparking.ba\/moparking-se-ponovno-nasao-na-meti-vandala\/\",\"name\":\"MoParking se ponovno na\u0161ao na meti vandala - JP &quot;MOSTAR PARKING&quot; d.o.o. Mostar\",\"isPartOf\":{\"@id\":\"https:\/\/moparking.ba\/#website\"},\"primaryImageOfPage\":{\"@id\":\"https:\/\/moparking.ba\/moparking-se-ponovno-nasao-na-meti-vandala\/#primaryimage\"},\"datePublished\":\"2022-10-03T09:48:40+00:00\",\"dateModified\":\"2024-08-20T14:27:18+00:00\",\"author\":{\"@id\":\"https:\/\/moparking.ba\/#\/schema\/person\/64f5e8b9b2f2b7a43f33a92d91ce2253\"},\"breadcrumb\":{\"@id\":\"https:\/\/moparking.ba\/moparking-se-ponovno-nasao-na-meti-vandala\/#breadcrumb\"},\"inLanguage\":\"sr-RS\",\"potentialAction\":[{\"@type\":\"ReadAction\",\"target\":[\"https:\/\/moparking.ba\/moparking-se-ponovno-nasao-na-meti-vandala\/\"]}]},{\"@type\":\"BreadcrumbList\",\"@id\":\"https:\/\/moparking.ba\/moparking-se-ponovno-nasao-na-meti-vandala\/#breadcrumb\",\"itemListElement\":[{\"@type\":\"ListItem\",\"position\":1,\"name\":\"Home\",\"item\":\"https:\/\/moparking.ba\/\"},{\"@type\":\"ListItem\",\"position\":2,\"name\":\"MoParking se ponovno na\u0161ao na meti vandala\"}]},{\"@type\":\"Person\",\"@id\":\"https:\/\/moparking.ba\/#\/schema\/person\/64f5e8b9b2f2b7a43f33a92d91ce2253\",\"name\":\"Administrator\",\"image\":{\"@type\":\"ImageObject\",\"inLanguage\":\"sr-RS\",\"@id\":\"https:\/\/moparking.ba\/#\/schema\/person\/image\/\",\"url\":\"https:\/\/secure.gravatar.com\/avatar\/dce761fc940034e3d27ca3eccbfddf86af71858980b65c503bd9e2f9efdb8e1e?s=96&d=mm&r=g\",\"contentUrl\":\"https:\/\/secure.gravatar.com\/avatar\/dce761fc940034e3d27ca3eccbfddf86af71858980b65c503bd9e2f9efdb8e1e?s=96&d=mm&r=g\",\"caption\":\"Administrator\"},\"url\":\"https:\/\/moparking.ba\/sr\/author\/admin\/\"}]}<\/script>\n<!-- \/ Yoast SEO plugin. -->","yoast_head_json":{"title":"MoParking se ponovno na\u0161ao na meti vandala - JP &quot;MOSTAR PARKING&quot; d.o.o. Mostar","robots":{"index":"index","follow":"follow","max-snippet":"max-snippet:-1","max-image-preview":"max-image-preview:large","max-video-preview":"max-video-preview:-1"},"canonical":"https:\/\/moparking.ba\/sr\/moparking-se-ponovno-nasao-na-meti-vandala\/","og_locale":"sr_RS","og_type":"article","og_title":"MoParking se ponovno na\u0161ao na meti vandala - JP &quot;MOSTAR PARKING&quot; d.o.o. Mostar","og_description":"JP Mostar Parking se ponovno na\u0161ao na meti vandala. Nepoznati po\u010dinitelji su u ulici Hrvatske mlade\u017ei tijekom jutro uni\u0161tili javnu gradsku infrastrukturu, odnosno dva parking aparata. JP Mostar Parking d.o.o. \u0107e podnijeti kaznenu prijavu protiv nepoznatog po\u010dinitelja kako bi se odgovorni za nano\u0161enje materijalne \u0161tete i uni\u0161tavanje javne gradske infrastruktrue primjereno kaznili. Ovo je u","og_url":"https:\/\/moparking.ba\/sr\/moparking-se-ponovno-nasao-na-meti-vandala\/","og_site_name":"JP &quot;MOSTAR PARKING&quot; d.o.o. Mostar","article_published_time":"2022-10-03T09:48:40+00:00","article_modified_time":"2024-08-20T14:27:18+00:00","og_image":[{"width":1600,"height":1200,"url":"https:\/\/moparking.ba\/wp-content\/uploads\/2022\/10\/309805357_779833013240917_2592225169495140937_n.jpg","type":"image\/jpeg"}],"twitter_card":"summary_large_image","twitter_misc":{"\u041d\u0430\u043f\u0438\u0441\u0430\u043d\u043e \u043e\u0434":"Administrator","\u041f\u0440\u043e\u0446\u0435\u045a\u0435\u043d\u043e \u0432\u0440\u0435\u043c\u0435 \u0447\u0438\u0442\u0430\u045a\u0430":"1 \u043c\u0438\u043d\u0443\u0442"},"schema":{"@context":"https:\/\/schema.org","@graph":[{"@type":"WebSite","@id":"https:\/\/moparking.ba\/#website","url":"https:\/\/moparking.ba\/","name":"JP &quot;MOSTAR PARKING&quot; d.o.o. Mostar","description":"","potentialAction":[{"@type":"SearchAction","target":{"@type":"EntryPoint","urlTemplate":"https:\/\/moparking.ba\/?s={search_term_string}"},"query-input":"required name=search_term_string"}],"inLanguage":"sr-RS"},{"@type":"ImageObject","inLanguage":"sr-RS","@id":"https:\/\/moparking.ba\/moparking-se-ponovno-nasao-na-meti-vandala\/#primaryimage","url":"https:\/\/moparking.ba\/wp-content\/uploads\/2022\/10\/309805357_779833013240917_2592225169495140937_n.jpg","contentUrl":"https:\/\/moparking.ba\/wp-content\/uploads\/2022\/10\/309805357_779833013240917_2592225169495140937_n.jpg","width":1600,"height":1200},{"@type":"WebPage","@id":"https:\/\/moparking.ba\/moparking-se-ponovno-nasao-na-meti-vandala\/#webpage","url":"https:\/\/moparking.ba\/moparking-se-ponovno-nasao-na-meti-vandala\/","name":"MoParking se ponovno na\u0161ao na meti vandala - JP &quot;MOSTAR PARKING&quot; d.o.o. Mostar","isPartOf":{"@id":"https:\/\/moparking.ba\/#website"},"primaryImageOfPage":{"@id":"https:\/\/moparking.ba\/moparking-se-ponovno-nasao-na-meti-vandala\/#primaryimage"},"datePublished":"2022-10-03T09:48:40+00:00","dateModified":"2024-08-20T14:27:18+00:00","author":{"@id":"https:\/\/moparking.ba\/#\/schema\/person\/64f5e8b9b2f2b7a43f33a92d91ce2253"},"breadcrumb":{"@id":"https:\/\/moparking.ba\/moparking-se-ponovno-nasao-na-meti-vandala\/#breadcrumb"},"inLanguage":"sr-RS","potentialAction":[{"@type":"ReadAction","target":["https:\/\/moparking.ba\/moparking-se-ponovno-nasao-na-meti-vandala\/"]}]},{"@type":"BreadcrumbList","@id":"https:\/\/moparking.ba\/moparking-se-ponovno-nasao-na-meti-vandala\/#breadcrumb","itemListElement":[{"@type":"ListItem","position":1,"name":"Home","item":"https:\/\/moparking.ba\/"},{"@type":"ListItem","position":2,"name":"MoParking se ponovno na\u0161ao na meti vandala"}]},{"@type":"Person","@id":"https:\/\/moparking.ba\/#\/schema\/person\/64f5e8b9b2f2b7a43f33a92d91ce2253","name":"Administrator","image":{"@type":"ImageObject","inLanguage":"sr-RS","@id":"https:\/\/moparking.ba\/#\/schema\/person\/image\/","url":"https:\/\/secure.gravatar.com\/avatar\/dce761fc940034e3d27ca3eccbfddf86af71858980b65c503bd9e2f9efdb8e1e?s=96&d=mm&r=g","contentUrl":"https:\/\/secure.gravatar.com\/avatar\/dce761fc940034e3d27ca3eccbfddf86af71858980b65c503bd9e2f9efdb8e1e?s=96&d=mm&r=g","caption":"Administrator"},"url":"https:\/\/moparking.ba\/sr\/author\/admin\/"}]}},"uagb_featured_image_src":{"full":["https:\/\/moparking.ba\/wp-content\/uploads\/2022\/10\/309805357_779833013240917_2592225169495140937_n.jpg",1600,1200,false],"thumbnail":["https:\/\/moparking.ba\/wp-content\/uploads\/2022\/10\/309805357_779833013240917_2592225169495140937_n-150x150.jpg",150,150,true],"medium":["https:\/\/moparking.ba\/wp-content\/uploads\/2022\/10\/309805357_779833013240917_2592225169495140937_n-300x225.jpg",300,225,true],"medium_large":["https:\/\/moparking.ba\/wp-content\/uploads\/2022\/10\/309805357_779833013240917_2592225169495140937_n-768x576.jpg",768,576,true],"large":["https:\/\/moparking.ba\/wp-content\/uploads\/2022\/10\/309805357_779833013240917_2592225169495140937_n-1024x768.jpg",1024,768,true],"post-slider-thumb-size":["https:\/\/moparking.ba\/wp-content\/uploads\/2022\/10\/309805357_779833013240917_2592225169495140937_n-330x190.jpg",330,190,true],"post-category-slider-size":["https:\/\/moparking.ba\/wp-content\/uploads\/2022\/10\/309805357_779833013240917_2592225169495140937_n-330x350.jpg",330,350,true],"1536x1536":["https:\/\/moparking.ba\/wp-content\/uploads\/2022\/10\/309805357_779833013240917_2592225169495140937_n-1536x1152.jpg",1536,1152,true],"2048x2048":["https:\/\/moparking.ba\/wp-content\/uploads\/2022\/10\/309805357_779833013240917_2592225169495140937_n.jpg",1600,1200,false],"trp-custom-language-flag":["https:\/\/moparking.ba\/wp-content\/uploads\/2022\/10\/309805357_779833013240917_2592225169495140937_n-16x12.jpg",16,12,true],"ultp_layout_landscape_large":["https:\/\/moparking.ba\/wp-content\/uploads\/2022\/10\/309805357_779833013240917_2592225169495140937_n-1200x800.jpg",1200,800,true],"ultp_layout_landscape":["https:\/\/moparking.ba\/wp-content\/uploads\/2022\/10\/309805357_779833013240917_2592225169495140937_n-870x570.jpg",870,570,true],"ultp_layout_portrait":["https:\/\/moparking.ba\/wp-content\/uploads\/2022\/10\/309805357_779833013240917_2592225169495140937_n-600x900.jpg",600,900,true],"ultp_layout_square":["https:\/\/moparking.ba\/wp-content\/uploads\/2022\/10\/309805357_779833013240917_2592225169495140937_n-600x600.jpg",600,600,true]},"uagb_author_info":{"display_name":"Administrator","author_link":"https:\/\/moparking.ba\/sr\/author\/admin\/"},"uagb_comment_info":0,"uagb_excerpt":"JP Mostar Parking se ponovno na\u0161ao na meti vandala. Nepoznati po\u010dinitelji su u ulici Hrvatske mlade\u017ei tijekom jutro uni\u0161tili javnu gradsku infrastrukturu, odnosno dva parking aparata. JP Mostar Parking d.o.o. \u0107e podnijeti kaznenu prijavu protiv nepoznatog po\u010dinitelja kako bi se odgovorni za nano\u0161enje materijalne \u0161tete i uni\u0161tavanje javne gradske infrastruktrue primjereno kaznili. Ovo je u","_links":{"self":[{"href":"https:\/\/moparking.ba\/sr\/wp-json\/wp\/v2\/posts\/2444","targetHints":{"allow":["GET"]}}],"collection":[{"href":"https:\/\/moparking.ba\/sr\/wp-json\/wp\/v2\/posts"}],"about":[{"href":"https:\/\/moparking.ba\/sr\/wp-json\/wp\/v2\/types\/post"}],"author":[{"embeddable":true,"href":"https:\/\/moparking.ba\/sr\/wp-json\/wp\/v2\/users\/1"}],"replies":[{"embeddable":true,"href":"https:\/\/moparking.ba\/sr\/wp-json\/wp\/v2\/comments?post=2444"}],"version-history":[{"count":1,"href":"https:\/\/moparking.ba\/sr\/wp-json\/wp\/v2\/posts\/2444\/revisions"}],"predecessor-version":[{"id":2447,"href":"https:\/\/moparking.ba\/sr\/wp-json\/wp\/v2\/posts\/2444\/revisions\/2447"}],"wp:featuredmedia":[{"embeddable":true,"href":"https:\/\/moparking.ba\/sr\/wp-json\/wp\/v2\/media\/2446"}],"wp:attachment":[{"href":"https:\/\/moparking.ba\/sr\/wp-json\/wp\/v2\/media?parent=2444"}],"wp:term":[{"taxonomy":"category","embeddable":true,"href":"https:\/\/moparking.ba\/sr\/wp-json\/wp\/v2\/categories?post=2444"},{"taxonomy":"post_tag","embeddable":true,"href":"https:\/\/moparking.ba\/sr\/wp-json\/wp\/v2\/tags?post=2444"}],"curies":[{"name":"wp","href":"https:\/\/api.w.org\/{rel}","templated":true}]}}