{"id":1842,"date":"2022-02-08T08:03:42","date_gmt":"2022-02-08T08:03:42","guid":{"rendered":"https:\/\/moparking.ba\/?p=1842"},"modified":"2024-08-20T14:02:38","modified_gmt":"2024-08-20T14:02:38","slug":"mostar-parking-mup-naplata-parkinga","status":"publish","type":"post","link":"https:\/\/moparking.ba\/sr\/mostar-parking-mup-naplata-parkinga\/","title":{"rendered":"MUP HN\u017d-e obe\u0107ao potporu Mostar parkingu u ure\u0111enju miruju\u0107eg prometa"},"content":{"rendered":"<p>Gradona\u010delnik Mostara Mario Kordi\u0107 posjetio je danas u zgradi MUP-a HN\u017d-e Sla\u0111ana Bevandu, ministra unutarnjih poslova HN\u017d-e.<\/p>\n\n\n\n<p>Sastanku su bili nazo\u010dni i&nbsp;<strong>Ivan Barbari\u0107,<\/strong>&nbsp;v.d. direktora JP \u201eMostar parking\u201c i&nbsp;<strong>Dragan Jelonji\u0107<\/strong>, na\u010delnik PU Mostar.<\/p>\n\n\n\n<p>Tema sastanka bila je po\u010detak kontrole miruju\u0107eg prometa u Gradu Mostaru, s naglaskom na ulogu MUP-a u kontroliranju mjesta koja nisu pod nadzorom Mostar parkinga.<\/p>\n\n\n\n<p>Sudionici sastanka slo\u017eili su se kako je va\u017eno zajedni\u010dko djelovanje u cilju ukupne ure\u0111enosti miruju\u0107eg prometa u Gradu Mostaru i o\u010duvanju zelenih povr\u0161ina, odnosno njihove za\u0161tite od nepropisnog parkiranja.<\/p>\n\n\n\n<p>Ministar Bevanda i na\u010delnik Jelonji\u0107 obe\u0107ali su sa svoje strane punu podr\u0161ku sustavnom ure\u0111enju miruju\u0107eg prometa.<\/p>","protected":false},"excerpt":{"rendered":"<p>Gradona\u010delnik Mostara Mario Kordi\u0107 posjetio je danas u zgradi MUP-a HN\u017d-e Sla\u0111ana Bevandu, ministra unutarnjih poslova HN\u017d-e. Sastanku su bili nazo\u010dni i&nbsp;Ivan Barbari\u0107,&nbsp;v.d. direktora JP \u201eMostar parking\u201c i&nbsp;Dragan Jelonji\u0107, na\u010delnik PU Mostar. Tema sastanka bila je po\u010detak kontrole miruju\u0107eg prometa u Gradu Mostaru, s naglaskom na ulogu MUP-a u kontroliranju mjesta koja nisu pod nadzorom<\/p>","protected":false},"author":1,"featured_media":1843,"comment_status":"closed","ping_status":"closed","sticky":false,"template":"","format":"standard","meta":{"_uag_custom_page_level_css":"","site-sidebar-layout":"","site-content-layout":"","ast-main-header-display":"","ast-hfb-above-header-display":"","ast-hfb-below-header-display":"","ast-hfb-mobile-header-display":"","site-post-title":"","ast-breadcrumbs-content":"","ast-featured-img":"","footer-sml-layout":"","theme-transparent-header-meta":"","adv-header-id-meta":"","stick-header-meta":"","header-above-stick-meta":"","header-main-stick-meta":"","header-below-stick-meta":"","footnotes":""},"categories":[4],"tags":[],"class_list":["post-1842","post","type-post","status-publish","format-standard","has-post-thumbnail","hentry","category-novosti"],"yoast_head":"<!-- This site is optimized with the Yoast SEO plugin v18.9 - https:\/\/yoast.com\/wordpress\/plugins\/seo\/ -->\n<title>MUP HN\u017d-e obe\u0107ao potporu Mostar parkingu u ure\u0111enju miruju\u0107eg prometa - JP &quot;MOSTAR PARKING&quot; d.o.o. Mostar<\/title>\n<meta name=\"description\" content=\"JP &quot;Mostar Parking&quot; d.o.o. Mostar dobio potporu MUP HN\u017d-a u ure\u0111enju miruju\u0107eg prometa na sastanku triju stranaka ...\" \/>\n<meta name=\"robots\" content=\"index, follow, max-snippet:-1, max-image-preview:large, max-video-preview:-1\" \/>\n<link rel=\"canonical\" href=\"https:\/\/moparking.ba\/sr\/mostar-parking-mup-naplata-parkinga\/\" \/>\n<meta property=\"og:locale\" content=\"sr_RS\" \/>\n<meta property=\"og:type\" content=\"article\" \/>\n<meta property=\"og:title\" content=\"MUP HN\u017d-e obe\u0107ao potporu Mostar parkingu u ure\u0111enju miruju\u0107eg prometa - JP &quot;MOSTAR PARKING&quot; d.o.o. Mostar\" \/>\n<meta property=\"og:description\" content=\"JP &quot;Mostar Parking&quot; d.o.o. Mostar dobio potporu MUP HN\u017d-a u ure\u0111enju miruju\u0107eg prometa na sastanku triju stranaka ...\" \/>\n<meta property=\"og:url\" content=\"https:\/\/moparking.ba\/sr\/mostar-parking-mup-naplata-parkinga\/\" \/>\n<meta property=\"og:site_name\" content=\"JP &quot;MOSTAR PARKING&quot; d.o.o. Mostar\" \/>\n<meta property=\"article:published_time\" content=\"2022-02-08T08:03:42+00:00\" \/>\n<meta property=\"article:modified_time\" content=\"2024-08-20T14:02:38+00:00\" \/>\n<meta property=\"og:image\" content=\"https:\/\/moparking.ba\/wp-content\/uploads\/2022\/02\/Mostar-Parking-MUP-Naslovna.jpg\" \/>\n\t<meta property=\"og:image:width\" content=\"800\" \/>\n\t<meta property=\"og:image:height\" content=\"464\" \/>\n\t<meta property=\"og:image:type\" content=\"image\/jpeg\" \/>\n<meta name=\"twitter:card\" content=\"summary_large_image\" \/>\n<meta name=\"twitter:label1\" content=\"\u041d\u0430\u043f\u0438\u0441\u0430\u043d\u043e \u043e\u0434\" \/>\n\t<meta name=\"twitter:data1\" content=\"Administrator\" \/>\n\t<meta name=\"twitter:label2\" content=\"\u041f\u0440\u043e\u0446\u0435\u045a\u0435\u043d\u043e \u0432\u0440\u0435\u043c\u0435 \u0447\u0438\u0442\u0430\u045a\u0430\" \/>\n\t<meta name=\"twitter:data2\" content=\"1 \u043c\u0438\u043d\u0443\u0442\" \/>\n<script type=\"application\/ld+json\" class=\"yoast-schema-graph\">{\"@context\":\"https:\/\/schema.org\",\"@graph\":[{\"@type\":\"WebSite\",\"@id\":\"https:\/\/moparking.ba\/#website\",\"url\":\"https:\/\/moparking.ba\/\",\"name\":\"JP &quot;MOSTAR PARKING&quot; d.o.o. Mostar\",\"description\":\"\",\"potentialAction\":[{\"@type\":\"SearchAction\",\"target\":{\"@type\":\"EntryPoint\",\"urlTemplate\":\"https:\/\/moparking.ba\/?s={search_term_string}\"},\"query-input\":\"required name=search_term_string\"}],\"inLanguage\":\"sr-RS\"},{\"@type\":\"ImageObject\",\"inLanguage\":\"sr-RS\",\"@id\":\"https:\/\/moparking.ba\/mostar-parking-mup-naplata-parkinga\/#primaryimage\",\"url\":\"https:\/\/moparking.ba\/wp-content\/uploads\/2022\/02\/Mostar-Parking-MUP-Naslovna.jpg\",\"contentUrl\":\"https:\/\/moparking.ba\/wp-content\/uploads\/2022\/02\/Mostar-Parking-MUP-Naslovna.jpg\",\"width\":800,\"height\":464},{\"@type\":\"WebPage\",\"@id\":\"https:\/\/moparking.ba\/mostar-parking-mup-naplata-parkinga\/#webpage\",\"url\":\"https:\/\/moparking.ba\/mostar-parking-mup-naplata-parkinga\/\",\"name\":\"MUP HN\u017d-e obe\u0107ao potporu Mostar parkingu u ure\u0111enju miruju\u0107eg prometa - JP &quot;MOSTAR PARKING&quot; d.o.o. Mostar\",\"isPartOf\":{\"@id\":\"https:\/\/moparking.ba\/#website\"},\"primaryImageOfPage\":{\"@id\":\"https:\/\/moparking.ba\/mostar-parking-mup-naplata-parkinga\/#primaryimage\"},\"datePublished\":\"2022-02-08T08:03:42+00:00\",\"dateModified\":\"2024-08-20T14:02:38+00:00\",\"author\":{\"@id\":\"https:\/\/moparking.ba\/#\/schema\/person\/64f5e8b9b2f2b7a43f33a92d91ce2253\"},\"description\":\"JP \\\"Mostar Parking\\\" d.o.o. Mostar dobio potporu MUP HN\u017d-a u ure\u0111enju miruju\u0107eg prometa na sastanku triju stranaka ...\",\"breadcrumb\":{\"@id\":\"https:\/\/moparking.ba\/mostar-parking-mup-naplata-parkinga\/#breadcrumb\"},\"inLanguage\":\"sr-RS\",\"potentialAction\":[{\"@type\":\"ReadAction\",\"target\":[\"https:\/\/moparking.ba\/mostar-parking-mup-naplata-parkinga\/\"]}]},{\"@type\":\"BreadcrumbList\",\"@id\":\"https:\/\/moparking.ba\/mostar-parking-mup-naplata-parkinga\/#breadcrumb\",\"itemListElement\":[{\"@type\":\"ListItem\",\"position\":1,\"name\":\"Home\",\"item\":\"https:\/\/moparking.ba\/\"},{\"@type\":\"ListItem\",\"position\":2,\"name\":\"MUP HN\u017d-e obe\u0107ao potporu Mostar parkingu u ure\u0111enju miruju\u0107eg prometa\"}]},{\"@type\":\"Person\",\"@id\":\"https:\/\/moparking.ba\/#\/schema\/person\/64f5e8b9b2f2b7a43f33a92d91ce2253\",\"name\":\"Administrator\",\"image\":{\"@type\":\"ImageObject\",\"inLanguage\":\"sr-RS\",\"@id\":\"https:\/\/moparking.ba\/#\/schema\/person\/image\/\",\"url\":\"https:\/\/secure.gravatar.com\/avatar\/dce761fc940034e3d27ca3eccbfddf86af71858980b65c503bd9e2f9efdb8e1e?s=96&d=mm&r=g\",\"contentUrl\":\"https:\/\/secure.gravatar.com\/avatar\/dce761fc940034e3d27ca3eccbfddf86af71858980b65c503bd9e2f9efdb8e1e?s=96&d=mm&r=g\",\"caption\":\"Administrator\"},\"url\":\"https:\/\/moparking.ba\/sr\/author\/admin\/\"}]}<\/script>\n<!-- \/ Yoast SEO plugin. -->","yoast_head_json":{"title":"MUP HN\u017d-e obe\u0107ao potporu Mostar parkingu u ure\u0111enju miruju\u0107eg prometa - JP &quot;MOSTAR PARKING&quot; d.o.o. Mostar","description":"JP \"Mostar Parking\" d.o.o. Mostar dobio potporu MUP HN\u017d-a u ure\u0111enju miruju\u0107eg prometa na sastanku triju stranaka ...","robots":{"index":"index","follow":"follow","max-snippet":"max-snippet:-1","max-image-preview":"max-image-preview:large","max-video-preview":"max-video-preview:-1"},"canonical":"https:\/\/moparking.ba\/sr\/mostar-parking-mup-naplata-parkinga\/","og_locale":"sr_RS","og_type":"article","og_title":"MUP HN\u017d-e obe\u0107ao potporu Mostar parkingu u ure\u0111enju miruju\u0107eg prometa - JP &quot;MOSTAR PARKING&quot; d.o.o. Mostar","og_description":"JP \"Mostar Parking\" d.o.o. Mostar dobio potporu MUP HN\u017d-a u ure\u0111enju miruju\u0107eg prometa na sastanku triju stranaka ...","og_url":"https:\/\/moparking.ba\/sr\/mostar-parking-mup-naplata-parkinga\/","og_site_name":"JP &quot;MOSTAR PARKING&quot; d.o.o. Mostar","article_published_time":"2022-02-08T08:03:42+00:00","article_modified_time":"2024-08-20T14:02:38+00:00","og_image":[{"width":800,"height":464,"url":"https:\/\/moparking.ba\/wp-content\/uploads\/2022\/02\/Mostar-Parking-MUP-Naslovna.jpg","type":"image\/jpeg"}],"twitter_card":"summary_large_image","twitter_misc":{"\u041d\u0430\u043f\u0438\u0441\u0430\u043d\u043e \u043e\u0434":"Administrator","\u041f\u0440\u043e\u0446\u0435\u045a\u0435\u043d\u043e \u0432\u0440\u0435\u043c\u0435 \u0447\u0438\u0442\u0430\u045a\u0430":"1 \u043c\u0438\u043d\u0443\u0442"},"schema":{"@context":"https:\/\/schema.org","@graph":[{"@type":"WebSite","@id":"https:\/\/moparking.ba\/#website","url":"https:\/\/moparking.ba\/","name":"JP &quot;MOSTAR PARKING&quot; d.o.o. Mostar","description":"","potentialAction":[{"@type":"SearchAction","target":{"@type":"EntryPoint","urlTemplate":"https:\/\/moparking.ba\/?s={search_term_string}"},"query-input":"required name=search_term_string"}],"inLanguage":"sr-RS"},{"@type":"ImageObject","inLanguage":"sr-RS","@id":"https:\/\/moparking.ba\/mostar-parking-mup-naplata-parkinga\/#primaryimage","url":"https:\/\/moparking.ba\/wp-content\/uploads\/2022\/02\/Mostar-Parking-MUP-Naslovna.jpg","contentUrl":"https:\/\/moparking.ba\/wp-content\/uploads\/2022\/02\/Mostar-Parking-MUP-Naslovna.jpg","width":800,"height":464},{"@type":"WebPage","@id":"https:\/\/moparking.ba\/mostar-parking-mup-naplata-parkinga\/#webpage","url":"https:\/\/moparking.ba\/mostar-parking-mup-naplata-parkinga\/","name":"MUP HN\u017d-e obe\u0107ao potporu Mostar parkingu u ure\u0111enju miruju\u0107eg prometa - JP &quot;MOSTAR PARKING&quot; d.o.o. Mostar","isPartOf":{"@id":"https:\/\/moparking.ba\/#website"},"primaryImageOfPage":{"@id":"https:\/\/moparking.ba\/mostar-parking-mup-naplata-parkinga\/#primaryimage"},"datePublished":"2022-02-08T08:03:42+00:00","dateModified":"2024-08-20T14:02:38+00:00","author":{"@id":"https:\/\/moparking.ba\/#\/schema\/person\/64f5e8b9b2f2b7a43f33a92d91ce2253"},"description":"JP \"Mostar Parking\" d.o.o. Mostar dobio potporu MUP HN\u017d-a u ure\u0111enju miruju\u0107eg prometa na sastanku triju stranaka ...","breadcrumb":{"@id":"https:\/\/moparking.ba\/mostar-parking-mup-naplata-parkinga\/#breadcrumb"},"inLanguage":"sr-RS","potentialAction":[{"@type":"ReadAction","target":["https:\/\/moparking.ba\/mostar-parking-mup-naplata-parkinga\/"]}]},{"@type":"BreadcrumbList","@id":"https:\/\/moparking.ba\/mostar-parking-mup-naplata-parkinga\/#breadcrumb","itemListElement":[{"@type":"ListItem","position":1,"name":"Home","item":"https:\/\/moparking.ba\/"},{"@type":"ListItem","position":2,"name":"MUP HN\u017d-e obe\u0107ao potporu Mostar parkingu u ure\u0111enju miruju\u0107eg prometa"}]},{"@type":"Person","@id":"https:\/\/moparking.ba\/#\/schema\/person\/64f5e8b9b2f2b7a43f33a92d91ce2253","name":"Administrator","image":{"@type":"ImageObject","inLanguage":"sr-RS","@id":"https:\/\/moparking.ba\/#\/schema\/person\/image\/","url":"https:\/\/secure.gravatar.com\/avatar\/dce761fc940034e3d27ca3eccbfddf86af71858980b65c503bd9e2f9efdb8e1e?s=96&d=mm&r=g","contentUrl":"https:\/\/secure.gravatar.com\/avatar\/dce761fc940034e3d27ca3eccbfddf86af71858980b65c503bd9e2f9efdb8e1e?s=96&d=mm&r=g","caption":"Administrator"},"url":"https:\/\/moparking.ba\/sr\/author\/admin\/"}]}},"uagb_featured_image_src":{"full":["https:\/\/moparking.ba\/wp-content\/uploads\/2022\/02\/Mostar-Parking-MUP-Naslovna.jpg",800,464,false],"thumbnail":["https:\/\/moparking.ba\/wp-content\/uploads\/2022\/02\/Mostar-Parking-MUP-Naslovna-150x150.jpg",150,150,true],"medium":["https:\/\/moparking.ba\/wp-content\/uploads\/2022\/02\/Mostar-Parking-MUP-Naslovna-300x174.jpg",300,174,true],"medium_large":["https:\/\/moparking.ba\/wp-content\/uploads\/2022\/02\/Mostar-Parking-MUP-Naslovna-768x445.jpg",768,445,true],"large":["https:\/\/moparking.ba\/wp-content\/uploads\/2022\/02\/Mostar-Parking-MUP-Naslovna.jpg",800,464,false],"post-slider-thumb-size":["https:\/\/moparking.ba\/wp-content\/uploads\/2022\/02\/Mostar-Parking-MUP-Naslovna-330x190.jpg",330,190,true],"post-category-slider-size":["https:\/\/moparking.ba\/wp-content\/uploads\/2022\/02\/Mostar-Parking-MUP-Naslovna-330x350.jpg",330,350,true],"1536x1536":["https:\/\/moparking.ba\/wp-content\/uploads\/2022\/02\/Mostar-Parking-MUP-Naslovna.jpg",800,464,false],"2048x2048":["https:\/\/moparking.ba\/wp-content\/uploads\/2022\/02\/Mostar-Parking-MUP-Naslovna.jpg",800,464,false],"trp-custom-language-flag":["https:\/\/moparking.ba\/wp-content\/uploads\/2022\/02\/Mostar-Parking-MUP-Naslovna-18x10.jpg",18,10,true],"ultp_layout_landscape_large":["https:\/\/moparking.ba\/wp-content\/uploads\/2022\/02\/Mostar-Parking-MUP-Naslovna.jpg",800,464,false],"ultp_layout_landscape":["https:\/\/moparking.ba\/wp-content\/uploads\/2022\/02\/Mostar-Parking-MUP-Naslovna.jpg",800,464,false],"ultp_layout_portrait":["https:\/\/moparking.ba\/wp-content\/uploads\/2022\/02\/Mostar-Parking-MUP-Naslovna-600x464.jpg",600,464,true],"ultp_layout_square":["https:\/\/moparking.ba\/wp-content\/uploads\/2022\/02\/Mostar-Parking-MUP-Naslovna-600x464.jpg",600,464,true]},"uagb_author_info":{"display_name":"Administrator","author_link":"https:\/\/moparking.ba\/sr\/author\/admin\/"},"uagb_comment_info":0,"uagb_excerpt":"Gradona\u010delnik Mostara Mario Kordi\u0107 posjetio je danas u zgradi MUP-a HN\u017d-e Sla\u0111ana Bevandu, ministra unutarnjih poslova HN\u017d-e. Sastanku su bili nazo\u010dni i&nbsp;Ivan Barbari\u0107,&nbsp;v.d. direktora JP \u201eMostar parking\u201c i&nbsp;Dragan Jelonji\u0107, na\u010delnik PU Mostar. Tema sastanka bila je po\u010detak kontrole miruju\u0107eg prometa u Gradu Mostaru, s naglaskom na ulogu MUP-a u kontroliranju mjesta koja nisu pod nadzorom","_links":{"self":[{"href":"https:\/\/moparking.ba\/sr\/wp-json\/wp\/v2\/posts\/1842","targetHints":{"allow":["GET"]}}],"collection":[{"href":"https:\/\/moparking.ba\/sr\/wp-json\/wp\/v2\/posts"}],"about":[{"href":"https:\/\/moparking.ba\/sr\/wp-json\/wp\/v2\/types\/post"}],"author":[{"embeddable":true,"href":"https:\/\/moparking.ba\/sr\/wp-json\/wp\/v2\/users\/1"}],"replies":[{"embeddable":true,"href":"https:\/\/moparking.ba\/sr\/wp-json\/wp\/v2\/comments?post=1842"}],"version-history":[{"count":1,"href":"https:\/\/moparking.ba\/sr\/wp-json\/wp\/v2\/posts\/1842\/revisions"}],"predecessor-version":[{"id":1844,"href":"https:\/\/moparking.ba\/sr\/wp-json\/wp\/v2\/posts\/1842\/revisions\/1844"}],"wp:featuredmedia":[{"embeddable":true,"href":"https:\/\/moparking.ba\/sr\/wp-json\/wp\/v2\/media\/1843"}],"wp:attachment":[{"href":"https:\/\/moparking.ba\/sr\/wp-json\/wp\/v2\/media?parent=1842"}],"wp:term":[{"taxonomy":"category","embeddable":true,"href":"https:\/\/moparking.ba\/sr\/wp-json\/wp\/v2\/categories?post=1842"},{"taxonomy":"post_tag","embeddable":true,"href":"https:\/\/moparking.ba\/sr\/wp-json\/wp\/v2\/tags?post=1842"}],"curies":[{"name":"wp","href":"https:\/\/api.w.org\/{rel}","templated":true}]}}