{"id":1721,"date":"2022-01-11T12:04:32","date_gmt":"2022-01-11T12:04:32","guid":{"rendered":"https:\/\/moparking.ba\/?p=1721"},"modified":"2024-08-20T14:02:39","modified_gmt":"2024-08-20T14:02:39","slug":"krenula-prodaja-parking-karata-mostar-parking-testno-razdoblje","status":"publish","type":"post","link":"https:\/\/moparking.ba\/en\/krenula-prodaja-parking-karata-mostar-parking-testno-razdoblje\/","title":{"rendered":"Krenula prodaja parking karata \u2013 Mostar Parking u\u0161ao u testno razdoblje"},"content":{"rendered":"<p>U ponedjeljak, 10.1.2022, JP \u201eMostar Parking\u201c d.o.o. Mostar je uspje\u0161no zapo\u010deo s testnim razdobljem prodaje povla\u0161tenih parking karata u Mostaru. Parking karte u Mostaru, gra\u0111ani mogu kupiti u prostorijama Mostar Parkinga, a naknadno produ\u017eivanje \u0107e se mo\u0107i izvr\u0161iti i bez dolaska u prostorije.<\/p>\n\n\n\n<p>Svi korisnici usluga Mostar Parkinga \u0107e tako od 10.1.2022 do po\u010detka naplate uli\u010dnog parkinga 7.2.2022 mo\u0107i kupiti svoje povla\u0161tene mjese\u010dne i godi\u0161nje parking karte te tako izbje\u0107i eventualne gu\u017eve koje se o\u010dekuju pred sami po\u010detak naplate. Ina\u010de, kartu svih ulica i njima pripadaju\u0107ih zona koje ulaze pod naplatu uli\u010dnog parkinga od nazna\u010denog datuma mo\u017eete prona\u0107i na <strong><a href=\"https:\/\/moparking.ba\/en\/ulicna-parkiralista\/\" target=\"_blank\" rel=\"noreferrer noopener\">ovom linku<\/a><\/strong>.<\/p>\n\n\n\n<div class=\"wp-block-image\"><figure class=\"aligncenter size-large\"><img loading=\"lazy\" decoding=\"async\" width=\"1024\" height=\"768\" src=\"https:\/\/moparking.ba\/wp-content\/uploads\/2022\/01\/Krenula-prodaja-parking-karata-Mostar-Parking-testno-razdoblje-Slika-1-1024x768.jpg\" alt=\"\" class=\"wp-image-1723\" srcset=\"https:\/\/moparking.ba\/wp-content\/uploads\/2022\/01\/Krenula-prodaja-parking-karata-Mostar-Parking-testno-razdoblje-Slika-1-1024x768.jpg 1024w, https:\/\/moparking.ba\/wp-content\/uploads\/2022\/01\/Krenula-prodaja-parking-karata-Mostar-Parking-testno-razdoblje-Slika-1-300x225.jpg 300w, https:\/\/moparking.ba\/wp-content\/uploads\/2022\/01\/Krenula-prodaja-parking-karata-Mostar-Parking-testno-razdoblje-Slika-1-768x576.jpg 768w, https:\/\/moparking.ba\/wp-content\/uploads\/2022\/01\/Krenula-prodaja-parking-karata-Mostar-Parking-testno-razdoblje-Slika-1-16x12.jpg 16w, https:\/\/moparking.ba\/wp-content\/uploads\/2022\/01\/Krenula-prodaja-parking-karata-Mostar-Parking-testno-razdoblje-Slika-1.jpg 1400w\" sizes=\"auto, (max-width: 1024px) 100vw, 1024px\" \/><\/figure><\/div>\n\n\n\n<p>Kao \u0161to je ve\u0107 objavljeno, povla\u0161tene parking karte \u0107e svim korisnicima vrijediti od datuma po\u010detka naplate. Sve informacije o potrebnoj dokumentaciji koju korisnici moraju prilo\u017eiti prilikom kupovine karte mo\u017eete prona\u0107i na <strong><a href=\"https:\/\/moparking.ba\/en\/dokumentacija\/\" target=\"_blank\" rel=\"noreferrer noopener\">ovom linku<\/a><\/strong>.<\/p>\n\n\n\n<p>Tako\u0111er, sve informacije o cijenama, lokacijama na kojima \u0107e se napla\u0107ivati uli\u010dni parking te o tome koji korisnici mogu kupiti koje vrste povla\u0161tenih karata se nalaze na slu\u017ebenoj stranici Mostar Parkinga <a href=\"http:\/\/(www.moparking.ba\" target=\"_blank\" rel=\"noreferrer noopener\">(<strong>www.moparking.ba<\/strong><\/a>). Gra\u0111ani Grada Mostara pokazuju velik interes za kupovinu povla\u0161tenih mjese\u010dnih i godi\u0161njih parking karata. Mnogi su ve\u0107 izvr\u0161ili kupovinu i tako osigurali sebi nesmetani uli\u010dni parking.<\/p>\n\n\n\n<figure class=\"wp-block-gallery columns-2 is-cropped wp-block-gallery-1 is-layout-flex wp-block-gallery-is-layout-flex\"><ul class=\"blocks-gallery-grid\"><li class=\"blocks-gallery-item\"><figure><img loading=\"lazy\" decoding=\"async\" width=\"1024\" height=\"768\" src=\"https:\/\/moparking.ba\/wp-content\/uploads\/2022\/01\/Krenula-prodaja-parking-karata-Mostar-Parking-testno-razdoblje-Slika-2-1024x768.jpg\" alt=\"\" data-id=\"1724\" data-full-url=\"https:\/\/moparking.ba\/wp-content\/uploads\/2022\/01\/Krenula-prodaja-parking-karata-Mostar-Parking-testno-razdoblje-Slika-2.jpg\" data-link=\"https:\/\/moparking.ba\/?attachment_id=1724\" class=\"wp-image-1724\" srcset=\"https:\/\/moparking.ba\/wp-content\/uploads\/2022\/01\/Krenula-prodaja-parking-karata-Mostar-Parking-testno-razdoblje-Slika-2-1024x768.jpg 1024w, https:\/\/moparking.ba\/wp-content\/uploads\/2022\/01\/Krenula-prodaja-parking-karata-Mostar-Parking-testno-razdoblje-Slika-2-300x225.jpg 300w, https:\/\/moparking.ba\/wp-content\/uploads\/2022\/01\/Krenula-prodaja-parking-karata-Mostar-Parking-testno-razdoblje-Slika-2-768x576.jpg 768w, https:\/\/moparking.ba\/wp-content\/uploads\/2022\/01\/Krenula-prodaja-parking-karata-Mostar-Parking-testno-razdoblje-Slika-2-16x12.jpg 16w, https:\/\/moparking.ba\/wp-content\/uploads\/2022\/01\/Krenula-prodaja-parking-karata-Mostar-Parking-testno-razdoblje-Slika-2.jpg 1400w\" sizes=\"auto, (max-width: 1024px) 100vw, 1024px\" \/><\/figure><\/li><li class=\"blocks-gallery-item\"><figure><img loading=\"lazy\" decoding=\"async\" width=\"1024\" height=\"768\" src=\"https:\/\/moparking.ba\/wp-content\/uploads\/2022\/01\/Krenula-prodaja-parking-karata-Mostar-Parking-testno-razdoblje-Slika-3-1024x768.jpg\" alt=\"\" data-id=\"1725\" data-full-url=\"https:\/\/moparking.ba\/wp-content\/uploads\/2022\/01\/Krenula-prodaja-parking-karata-Mostar-Parking-testno-razdoblje-Slika-3.jpg\" data-link=\"https:\/\/moparking.ba\/?attachment_id=1725\" class=\"wp-image-1725\" srcset=\"https:\/\/moparking.ba\/wp-content\/uploads\/2022\/01\/Krenula-prodaja-parking-karata-Mostar-Parking-testno-razdoblje-Slika-3-1024x768.jpg 1024w, https:\/\/moparking.ba\/wp-content\/uploads\/2022\/01\/Krenula-prodaja-parking-karata-Mostar-Parking-testno-razdoblje-Slika-3-300x225.jpg 300w, https:\/\/moparking.ba\/wp-content\/uploads\/2022\/01\/Krenula-prodaja-parking-karata-Mostar-Parking-testno-razdoblje-Slika-3-768x576.jpg 768w, https:\/\/moparking.ba\/wp-content\/uploads\/2022\/01\/Krenula-prodaja-parking-karata-Mostar-Parking-testno-razdoblje-Slika-3-16x12.jpg 16w, https:\/\/moparking.ba\/wp-content\/uploads\/2022\/01\/Krenula-prodaja-parking-karata-Mostar-Parking-testno-razdoblje-Slika-3.jpg 1400w\" sizes=\"auto, (max-width: 1024px) 100vw, 1024px\" \/><\/figure><\/li><\/ul><\/figure>\n\n\n\n<p>Informacije o produ\u017eivanju povla\u0161tenih karata bez ponovnog dolaska u poslovnicu \u0107e biti naknadno objavljene kako na slu\u017ebenoj stranici, tako i na profilima Mostar Parkinga na dru\u0161tvenim mre\u017eama. Ina\u010de, Mostar Parking mo\u017eete zapratiti na Facebooku i Instagramu za sve daljnje informacije.<\/p>\n\n\n\n<p>Uz to, Mostar Parking mo\u017eete kontaktirati putem elektroni\u010dke po\u0161te (<strong>info@moparking.ba<\/strong>) ili putem kontakt telefona <strong>036 55 88 99<\/strong> unutar radnog vremena (ponedjeljak-petak 10:00-18:00; subota 09:00-15:00).<\/p>","protected":false},"excerpt":{"rendered":"<p>U ponedjeljak, 10.1.2022, JP \u201eMostar Parking\u201c d.o.o. Mostar je uspje\u0161no zapo\u010deo s testnim razdobljem prodaje povla\u0161tenih parking karata u Mostaru. Parking karte u Mostaru, gra\u0111ani mogu kupiti u prostorijama Mostar Parkinga, a naknadno produ\u017eivanje \u0107e se mo\u0107i izvr\u0161iti i bez dolaska u prostorije. Svi korisnici usluga Mostar Parkinga \u0107e tako od 10.1.2022 do po\u010detka naplate<\/p>","protected":false},"author":1,"featured_media":1722,"comment_status":"closed","ping_status":"closed","sticky":false,"template":"","format":"standard","meta":{"_uag_custom_page_level_css":"","site-sidebar-layout":"","site-content-layout":"","ast-main-header-display":"","ast-hfb-above-header-display":"","ast-hfb-below-header-display":"","ast-hfb-mobile-header-display":"","site-post-title":"","ast-breadcrumbs-content":"","ast-featured-img":"","footer-sml-layout":"","theme-transparent-header-meta":"","adv-header-id-meta":"","stick-header-meta":"","header-above-stick-meta":"","header-main-stick-meta":"","header-below-stick-meta":"","footnotes":""},"categories":[4],"tags":[],"class_list":["post-1721","post","type-post","status-publish","format-standard","has-post-thumbnail","hentry","category-novosti"],"yoast_head":"<!-- This site is optimized with the Yoast SEO plugin v18.9 - https:\/\/yoast.com\/wordpress\/plugins\/seo\/ -->\n<title>Krenula prodaja parking karata \u2013 Mostar Parking u\u0161ao u testno razdoblje - JP &quot;MOSTAR PARKING&quot; d.o.o. Mostar<\/title>\n<meta name=\"description\" content=\"U ponedjeljak 10.1.2022 je po\u010dela prodaja povla\u0161tenih parking karata u Mostaru. Krenula prodaja karata Mostar Parking testno razdoblje ...\" \/>\n<meta name=\"robots\" content=\"index, follow, max-snippet:-1, max-image-preview:large, max-video-preview:-1\" \/>\n<link rel=\"canonical\" href=\"https:\/\/moparking.ba\/en\/krenula-prodaja-parking-karata-mostar-parking-testno-razdoblje\/\" \/>\n<meta property=\"og:locale\" content=\"en_US\" \/>\n<meta property=\"og:type\" content=\"article\" \/>\n<meta property=\"og:title\" content=\"Krenula prodaja parking karata \u2013 Mostar Parking u\u0161ao u testno razdoblje - JP &quot;MOSTAR PARKING&quot; d.o.o. Mostar\" \/>\n<meta property=\"og:description\" content=\"U ponedjeljak 10.1.2022 je po\u010dela prodaja povla\u0161tenih parking karata u Mostaru. Krenula prodaja karata Mostar Parking testno razdoblje ...\" \/>\n<meta property=\"og:url\" content=\"https:\/\/moparking.ba\/en\/krenula-prodaja-parking-karata-mostar-parking-testno-razdoblje\/\" \/>\n<meta property=\"og:site_name\" content=\"JP &quot;MOSTAR PARKING&quot; d.o.o. Mostar\" \/>\n<meta property=\"article:published_time\" content=\"2022-01-11T12:04:32+00:00\" \/>\n<meta property=\"article:modified_time\" content=\"2024-08-20T14:02:39+00:00\" \/>\n<meta property=\"og:image\" content=\"https:\/\/moparking.ba\/wp-content\/uploads\/2022\/01\/Krenula-prodaja-parking-karata-Mostar-Parking-testno-razdoblje-Naslovna.jpg\" \/>\n\t<meta property=\"og:image:width\" content=\"1400\" \/>\n\t<meta property=\"og:image:height\" content=\"1050\" \/>\n\t<meta property=\"og:image:type\" content=\"image\/jpeg\" \/>\n<meta name=\"twitter:card\" content=\"summary_large_image\" \/>\n<meta name=\"twitter:label1\" content=\"Written by\" \/>\n\t<meta name=\"twitter:data1\" content=\"Administrator\" \/>\n\t<meta name=\"twitter:label2\" content=\"Est. reading time\" \/>\n\t<meta name=\"twitter:data2\" content=\"2 minutes\" \/>\n<script type=\"application\/ld+json\" class=\"yoast-schema-graph\">{\"@context\":\"https:\/\/schema.org\",\"@graph\":[{\"@type\":\"WebSite\",\"@id\":\"https:\/\/moparking.ba\/#website\",\"url\":\"https:\/\/moparking.ba\/\",\"name\":\"JP &quot;MOSTAR PARKING&quot; d.o.o. Mostar\",\"description\":\"\",\"potentialAction\":[{\"@type\":\"SearchAction\",\"target\":{\"@type\":\"EntryPoint\",\"urlTemplate\":\"https:\/\/moparking.ba\/?s={search_term_string}\"},\"query-input\":\"required name=search_term_string\"}],\"inLanguage\":\"en-US\"},{\"@type\":\"ImageObject\",\"inLanguage\":\"en-US\",\"@id\":\"https:\/\/moparking.ba\/krenula-prodaja-parking-karata-mostar-parking-testno-razdoblje\/#primaryimage\",\"url\":\"https:\/\/moparking.ba\/wp-content\/uploads\/2022\/01\/Krenula-prodaja-parking-karata-Mostar-Parking-testno-razdoblje-Naslovna.jpg\",\"contentUrl\":\"https:\/\/moparking.ba\/wp-content\/uploads\/2022\/01\/Krenula-prodaja-parking-karata-Mostar-Parking-testno-razdoblje-Naslovna.jpg\",\"width\":1400,\"height\":1050},{\"@type\":\"WebPage\",\"@id\":\"https:\/\/moparking.ba\/krenula-prodaja-parking-karata-mostar-parking-testno-razdoblje\/#webpage\",\"url\":\"https:\/\/moparking.ba\/krenula-prodaja-parking-karata-mostar-parking-testno-razdoblje\/\",\"name\":\"Krenula prodaja parking karata \u2013 Mostar Parking u\u0161ao u testno razdoblje - JP &quot;MOSTAR PARKING&quot; d.o.o. Mostar\",\"isPartOf\":{\"@id\":\"https:\/\/moparking.ba\/#website\"},\"primaryImageOfPage\":{\"@id\":\"https:\/\/moparking.ba\/krenula-prodaja-parking-karata-mostar-parking-testno-razdoblje\/#primaryimage\"},\"datePublished\":\"2022-01-11T12:04:32+00:00\",\"dateModified\":\"2024-08-20T14:02:39+00:00\",\"author\":{\"@id\":\"https:\/\/moparking.ba\/#\/schema\/person\/64f5e8b9b2f2b7a43f33a92d91ce2253\"},\"description\":\"U ponedjeljak 10.1.2022 je po\u010dela prodaja povla\u0161tenih parking karata u Mostaru. Krenula prodaja karata Mostar Parking testno razdoblje ...\",\"breadcrumb\":{\"@id\":\"https:\/\/moparking.ba\/krenula-prodaja-parking-karata-mostar-parking-testno-razdoblje\/#breadcrumb\"},\"inLanguage\":\"en-US\",\"potentialAction\":[{\"@type\":\"ReadAction\",\"target\":[\"https:\/\/moparking.ba\/krenula-prodaja-parking-karata-mostar-parking-testno-razdoblje\/\"]}]},{\"@type\":\"BreadcrumbList\",\"@id\":\"https:\/\/moparking.ba\/krenula-prodaja-parking-karata-mostar-parking-testno-razdoblje\/#breadcrumb\",\"itemListElement\":[{\"@type\":\"ListItem\",\"position\":1,\"name\":\"Home\",\"item\":\"https:\/\/moparking.ba\/\"},{\"@type\":\"ListItem\",\"position\":2,\"name\":\"Krenula prodaja parking karata \u2013 Mostar Parking u\u0161ao u testno razdoblje\"}]},{\"@type\":\"Person\",\"@id\":\"https:\/\/moparking.ba\/#\/schema\/person\/64f5e8b9b2f2b7a43f33a92d91ce2253\",\"name\":\"Administrator\",\"image\":{\"@type\":\"ImageObject\",\"inLanguage\":\"en-US\",\"@id\":\"https:\/\/moparking.ba\/#\/schema\/person\/image\/\",\"url\":\"https:\/\/secure.gravatar.com\/avatar\/dce761fc940034e3d27ca3eccbfddf86af71858980b65c503bd9e2f9efdb8e1e?s=96&d=mm&r=g\",\"contentUrl\":\"https:\/\/secure.gravatar.com\/avatar\/dce761fc940034e3d27ca3eccbfddf86af71858980b65c503bd9e2f9efdb8e1e?s=96&d=mm&r=g\",\"caption\":\"Administrator\"},\"url\":\"https:\/\/moparking.ba\/en\/author\/admin\/\"}]}<\/script>\n<!-- \/ Yoast SEO plugin. -->","yoast_head_json":{"title":"Krenula prodaja parking karata \u2013 Mostar Parking u\u0161ao u testno razdoblje - JP &quot;MOSTAR PARKING&quot; d.o.o. Mostar","description":"U ponedjeljak 10.1.2022 je po\u010dela prodaja povla\u0161tenih parking karata u Mostaru. Krenula prodaja karata Mostar Parking testno razdoblje ...","robots":{"index":"index","follow":"follow","max-snippet":"max-snippet:-1","max-image-preview":"max-image-preview:large","max-video-preview":"max-video-preview:-1"},"canonical":"https:\/\/moparking.ba\/en\/krenula-prodaja-parking-karata-mostar-parking-testno-razdoblje\/","og_locale":"en_US","og_type":"article","og_title":"Krenula prodaja parking karata \u2013 Mostar Parking u\u0161ao u testno razdoblje - JP &quot;MOSTAR PARKING&quot; d.o.o. Mostar","og_description":"U ponedjeljak 10.1.2022 je po\u010dela prodaja povla\u0161tenih parking karata u Mostaru. Krenula prodaja karata Mostar Parking testno razdoblje ...","og_url":"https:\/\/moparking.ba\/en\/krenula-prodaja-parking-karata-mostar-parking-testno-razdoblje\/","og_site_name":"JP &quot;MOSTAR PARKING&quot; d.o.o. Mostar","article_published_time":"2022-01-11T12:04:32+00:00","article_modified_time":"2024-08-20T14:02:39+00:00","og_image":[{"width":1400,"height":1050,"url":"https:\/\/moparking.ba\/wp-content\/uploads\/2022\/01\/Krenula-prodaja-parking-karata-Mostar-Parking-testno-razdoblje-Naslovna.jpg","type":"image\/jpeg"}],"twitter_card":"summary_large_image","twitter_misc":{"Written by":"Administrator","Est. reading time":"2 minutes"},"schema":{"@context":"https:\/\/schema.org","@graph":[{"@type":"WebSite","@id":"https:\/\/moparking.ba\/#website","url":"https:\/\/moparking.ba\/","name":"JP &quot;MOSTAR PARKING&quot; d.o.o. Mostar","description":"","potentialAction":[{"@type":"SearchAction","target":{"@type":"EntryPoint","urlTemplate":"https:\/\/moparking.ba\/?s={search_term_string}"},"query-input":"required name=search_term_string"}],"inLanguage":"en-US"},{"@type":"ImageObject","inLanguage":"en-US","@id":"https:\/\/moparking.ba\/krenula-prodaja-parking-karata-mostar-parking-testno-razdoblje\/#primaryimage","url":"https:\/\/moparking.ba\/wp-content\/uploads\/2022\/01\/Krenula-prodaja-parking-karata-Mostar-Parking-testno-razdoblje-Naslovna.jpg","contentUrl":"https:\/\/moparking.ba\/wp-content\/uploads\/2022\/01\/Krenula-prodaja-parking-karata-Mostar-Parking-testno-razdoblje-Naslovna.jpg","width":1400,"height":1050},{"@type":"WebPage","@id":"https:\/\/moparking.ba\/krenula-prodaja-parking-karata-mostar-parking-testno-razdoblje\/#webpage","url":"https:\/\/moparking.ba\/krenula-prodaja-parking-karata-mostar-parking-testno-razdoblje\/","name":"Krenula prodaja parking karata \u2013 Mostar Parking u\u0161ao u testno razdoblje - JP &quot;MOSTAR PARKING&quot; d.o.o. Mostar","isPartOf":{"@id":"https:\/\/moparking.ba\/#website"},"primaryImageOfPage":{"@id":"https:\/\/moparking.ba\/krenula-prodaja-parking-karata-mostar-parking-testno-razdoblje\/#primaryimage"},"datePublished":"2022-01-11T12:04:32+00:00","dateModified":"2024-08-20T14:02:39+00:00","author":{"@id":"https:\/\/moparking.ba\/#\/schema\/person\/64f5e8b9b2f2b7a43f33a92d91ce2253"},"description":"U ponedjeljak 10.1.2022 je po\u010dela prodaja povla\u0161tenih parking karata u Mostaru. Krenula prodaja karata Mostar Parking testno razdoblje ...","breadcrumb":{"@id":"https:\/\/moparking.ba\/krenula-prodaja-parking-karata-mostar-parking-testno-razdoblje\/#breadcrumb"},"inLanguage":"en-US","potentialAction":[{"@type":"ReadAction","target":["https:\/\/moparking.ba\/krenula-prodaja-parking-karata-mostar-parking-testno-razdoblje\/"]}]},{"@type":"BreadcrumbList","@id":"https:\/\/moparking.ba\/krenula-prodaja-parking-karata-mostar-parking-testno-razdoblje\/#breadcrumb","itemListElement":[{"@type":"ListItem","position":1,"name":"Home","item":"https:\/\/moparking.ba\/"},{"@type":"ListItem","position":2,"name":"Krenula prodaja parking karata \u2013 Mostar Parking u\u0161ao u testno razdoblje"}]},{"@type":"Person","@id":"https:\/\/moparking.ba\/#\/schema\/person\/64f5e8b9b2f2b7a43f33a92d91ce2253","name":"Administrator","image":{"@type":"ImageObject","inLanguage":"en-US","@id":"https:\/\/moparking.ba\/#\/schema\/person\/image\/","url":"https:\/\/secure.gravatar.com\/avatar\/dce761fc940034e3d27ca3eccbfddf86af71858980b65c503bd9e2f9efdb8e1e?s=96&d=mm&r=g","contentUrl":"https:\/\/secure.gravatar.com\/avatar\/dce761fc940034e3d27ca3eccbfddf86af71858980b65c503bd9e2f9efdb8e1e?s=96&d=mm&r=g","caption":"Administrator"},"url":"https:\/\/moparking.ba\/en\/author\/admin\/"}]}},"uagb_featured_image_src":{"full":["https:\/\/moparking.ba\/wp-content\/uploads\/2022\/01\/Krenula-prodaja-parking-karata-Mostar-Parking-testno-razdoblje-Naslovna.jpg",1400,1050,false],"thumbnail":["https:\/\/moparking.ba\/wp-content\/uploads\/2022\/01\/Krenula-prodaja-parking-karata-Mostar-Parking-testno-razdoblje-Naslovna-150x150.jpg",150,150,true],"medium":["https:\/\/moparking.ba\/wp-content\/uploads\/2022\/01\/Krenula-prodaja-parking-karata-Mostar-Parking-testno-razdoblje-Naslovna-300x225.jpg",300,225,true],"medium_large":["https:\/\/moparking.ba\/wp-content\/uploads\/2022\/01\/Krenula-prodaja-parking-karata-Mostar-Parking-testno-razdoblje-Naslovna-768x576.jpg",768,576,true],"large":["https:\/\/moparking.ba\/wp-content\/uploads\/2022\/01\/Krenula-prodaja-parking-karata-Mostar-Parking-testno-razdoblje-Naslovna-1024x768.jpg",1024,768,true],"post-slider-thumb-size":["https:\/\/moparking.ba\/wp-content\/uploads\/2022\/01\/Krenula-prodaja-parking-karata-Mostar-Parking-testno-razdoblje-Naslovna-330x190.jpg",330,190,true],"post-category-slider-size":["https:\/\/moparking.ba\/wp-content\/uploads\/2022\/01\/Krenula-prodaja-parking-karata-Mostar-Parking-testno-razdoblje-Naslovna-330x350.jpg",330,350,true],"1536x1536":["https:\/\/moparking.ba\/wp-content\/uploads\/2022\/01\/Krenula-prodaja-parking-karata-Mostar-Parking-testno-razdoblje-Naslovna.jpg",1400,1050,false],"2048x2048":["https:\/\/moparking.ba\/wp-content\/uploads\/2022\/01\/Krenula-prodaja-parking-karata-Mostar-Parking-testno-razdoblje-Naslovna.jpg",1400,1050,false],"trp-custom-language-flag":["https:\/\/moparking.ba\/wp-content\/uploads\/2022\/01\/Krenula-prodaja-parking-karata-Mostar-Parking-testno-razdoblje-Naslovna-16x12.jpg",16,12,true],"ultp_layout_landscape_large":["https:\/\/moparking.ba\/wp-content\/uploads\/2022\/01\/Krenula-prodaja-parking-karata-Mostar-Parking-testno-razdoblje-Naslovna-1200x800.jpg",1200,800,true],"ultp_layout_landscape":["https:\/\/moparking.ba\/wp-content\/uploads\/2022\/01\/Krenula-prodaja-parking-karata-Mostar-Parking-testno-razdoblje-Naslovna-870x570.jpg",870,570,true],"ultp_layout_portrait":["https:\/\/moparking.ba\/wp-content\/uploads\/2022\/01\/Krenula-prodaja-parking-karata-Mostar-Parking-testno-razdoblje-Naslovna-600x900.jpg",600,900,true],"ultp_layout_square":["https:\/\/moparking.ba\/wp-content\/uploads\/2022\/01\/Krenula-prodaja-parking-karata-Mostar-Parking-testno-razdoblje-Naslovna-600x600.jpg",600,600,true]},"uagb_author_info":{"display_name":"Administrator","author_link":"https:\/\/moparking.ba\/en\/author\/admin\/"},"uagb_comment_info":0,"uagb_excerpt":"U ponedjeljak, 10.1.2022, JP \u201eMostar Parking\u201c d.o.o. Mostar je uspje\u0161no zapo\u010deo s testnim razdobljem prodaje povla\u0161tenih parking karata u Mostaru. Parking karte u Mostaru, gra\u0111ani mogu kupiti u prostorijama Mostar Parkinga, a naknadno produ\u017eivanje \u0107e se mo\u0107i izvr\u0161iti i bez dolaska u prostorije. Svi korisnici usluga Mostar Parkinga \u0107e tako od 10.1.2022 do po\u010detka naplate","_links":{"self":[{"href":"https:\/\/moparking.ba\/en\/wp-json\/wp\/v2\/posts\/1721","targetHints":{"allow":["GET"]}}],"collection":[{"href":"https:\/\/moparking.ba\/en\/wp-json\/wp\/v2\/posts"}],"about":[{"href":"https:\/\/moparking.ba\/en\/wp-json\/wp\/v2\/types\/post"}],"author":[{"embeddable":true,"href":"https:\/\/moparking.ba\/en\/wp-json\/wp\/v2\/users\/1"}],"replies":[{"embeddable":true,"href":"https:\/\/moparking.ba\/en\/wp-json\/wp\/v2\/comments?post=1721"}],"version-history":[{"count":5,"href":"https:\/\/moparking.ba\/en\/wp-json\/wp\/v2\/posts\/1721\/revisions"}],"predecessor-version":[{"id":1733,"href":"https:\/\/moparking.ba\/en\/wp-json\/wp\/v2\/posts\/1721\/revisions\/1733"}],"wp:featuredmedia":[{"embeddable":true,"href":"https:\/\/moparking.ba\/en\/wp-json\/wp\/v2\/media\/1722"}],"wp:attachment":[{"href":"https:\/\/moparking.ba\/en\/wp-json\/wp\/v2\/media?parent=1721"}],"wp:term":[{"taxonomy":"category","embeddable":true,"href":"https:\/\/moparking.ba\/en\/wp-json\/wp\/v2\/categories?post=1721"},{"taxonomy":"post_tag","embeddable":true,"href":"https:\/\/moparking.ba\/en\/wp-json\/wp\/v2\/tags?post=1721"}],"curies":[{"name":"wp","href":"https:\/\/api.w.org\/{rel}","templated":true}]}}