{"id":2142,"date":"2022-03-29T08:07:37","date_gmt":"2022-03-29T08:07:37","guid":{"rendered":"https:\/\/moparking.ba\/?p=2142"},"modified":"2024-08-20T14:00:50","modified_gmt":"2024-08-20T14:00:50","slug":"mostar-parking-ucenici-posjetili-poduzece-civitas","status":"publish","type":"post","link":"https:\/\/moparking.ba\/bs\/mostar-parking-ucenici-posjetili-poduzece-civitas\/","title":{"rendered":"U\u010denici O\u0160 Petar Bakula posjetili Mostar Parking"},"content":{"rendered":"<p>U sklopu Civitas programa za u\u010denike \u201cProjekt gra\u0111anin\u201d\/\u201dJa gra\u0111anin\u201d, JP Mostar Parking na \u010delu s v.d. direktorom Ivanom Barbari\u0107em primio je u posjetu poduze\u0107u u\u010denike i nastavnike O\u0160 Petar Bakula iz Mostara, koji sudjeluju u Civitas programu. U\u010denici su kao temu za svoj projekt definirali problem napu\u0161tenih automobila na parkinzima u gradu Mostaru.<\/p>\n\n\n\n<p>Iz JP Mostar Parkinga su pojasnili djeci kako i na koji na\u010din su po\u010detkom uvo\u0111enja kontrole i naplate parkinga u Mostaru rje\u0161avali problem napu\u0161tenih automobila, koji su to koraci od prijave problema nadle\u017enim gradskim slu\u017ebama do samog uklanjanja automobila. Tako\u0111er je poja\u0161njeno na koji na\u010din funkcionira sustav parkiranja u gradu Mostaru, a djeca su imala priliku i sami testno isprobati pla\u0107anje parkinga na parking automatu.<\/p>\n\n\n\n<div class=\"wp-block-image\"><figure class=\"aligncenter size-large\"><a href=\"https:\/\/moparking.ba\/wp-content\/uploads\/2022\/03\/Mostar-Parking-ucenici-posjetili-poduzece-Civitas-Slika-1.jpg\"><img loading=\"lazy\" decoding=\"async\" width=\"1024\" height=\"768\" src=\"https:\/\/moparking.ba\/wp-content\/uploads\/2022\/03\/Mostar-Parking-ucenici-posjetili-poduzece-Civitas-Slika-1-1024x768.jpg\" alt=\"\" class=\"wp-image-2144\" srcset=\"https:\/\/moparking.ba\/wp-content\/uploads\/2022\/03\/Mostar-Parking-ucenici-posjetili-poduzece-Civitas-Slika-1-1024x768.jpg 1024w, https:\/\/moparking.ba\/wp-content\/uploads\/2022\/03\/Mostar-Parking-ucenici-posjetili-poduzece-Civitas-Slika-1-300x225.jpg 300w, https:\/\/moparking.ba\/wp-content\/uploads\/2022\/03\/Mostar-Parking-ucenici-posjetili-poduzece-Civitas-Slika-1-768x576.jpg 768w, https:\/\/moparking.ba\/wp-content\/uploads\/2022\/03\/Mostar-Parking-ucenici-posjetili-poduzece-Civitas-Slika-1-1536x1152.jpg 1536w, https:\/\/moparking.ba\/wp-content\/uploads\/2022\/03\/Mostar-Parking-ucenici-posjetili-poduzece-Civitas-Slika-1-16x12.jpg 16w, https:\/\/moparking.ba\/wp-content\/uploads\/2022\/03\/Mostar-Parking-ucenici-posjetili-poduzece-Civitas-Slika-1.jpg 1600w\" sizes=\"auto, (max-width: 1024px) 100vw, 1024px\" \/><\/a><\/figure><\/div>\n\n\n\n<p>\u201cProjekt gra\u0111anin\u201d\/\u201dJa gra\u0111anin\u201d je prakti\u010dni dio Civitas programa u kojemu su u\u010denici iz cijele Bosne i Hercegovine ohrabreni da odaberu problem iz svoje zajednice, istra\u017ee postoje\u0107e mjere javne politike, razviju svoja rje\u0161enja koja predstavljaju nadle\u017enim institucijama, te kreiraju akcijske planove za implementaciju svojih rje\u0161enja.<\/p>\n\n\n\n<div class=\"wp-block-image\"><figure class=\"aligncenter size-large\"><a href=\"https:\/\/moparking.ba\/wp-content\/uploads\/2022\/03\/Mostar-Parking-ucenici-posjetili-poduzece-Civitas-Slika-2.jpg\"><img loading=\"lazy\" decoding=\"async\" width=\"1024\" height=\"768\" src=\"https:\/\/moparking.ba\/wp-content\/uploads\/2022\/03\/Mostar-Parking-ucenici-posjetili-poduzece-Civitas-Slika-2-1024x768.jpg\" alt=\"\" class=\"wp-image-2145\" srcset=\"https:\/\/moparking.ba\/wp-content\/uploads\/2022\/03\/Mostar-Parking-ucenici-posjetili-poduzece-Civitas-Slika-2-1024x768.jpg 1024w, https:\/\/moparking.ba\/wp-content\/uploads\/2022\/03\/Mostar-Parking-ucenici-posjetili-poduzece-Civitas-Slika-2-300x225.jpg 300w, https:\/\/moparking.ba\/wp-content\/uploads\/2022\/03\/Mostar-Parking-ucenici-posjetili-poduzece-Civitas-Slika-2-768x576.jpg 768w, https:\/\/moparking.ba\/wp-content\/uploads\/2022\/03\/Mostar-Parking-ucenici-posjetili-poduzece-Civitas-Slika-2-1536x1152.jpg 1536w, https:\/\/moparking.ba\/wp-content\/uploads\/2022\/03\/Mostar-Parking-ucenici-posjetili-poduzece-Civitas-Slika-2-16x12.jpg 16w, https:\/\/moparking.ba\/wp-content\/uploads\/2022\/03\/Mostar-Parking-ucenici-posjetili-poduzece-Civitas-Slika-2.jpg 1600w\" sizes=\"auto, (max-width: 1024px) 100vw, 1024px\" \/><\/a><\/figure><\/div>\n\n\n\n<p>\u201cProjekt gra\u0111anin\u201d\/\u201dJa gra\u0111anin\u201d u\u010denicima poma\u017ee da postanu odgovorni i informirani mladi ljudi koji kroje svoju budu\u0107nost i shva\u0107aju pojam i zna\u010daj brige i uklju\u010denja svih gra\u0111ana u rje\u0161avanje problema koji se ti\u010du svih nas.<\/p>","protected":false},"excerpt":{"rendered":"<p>U sklopu Civitas programa za u\u010denike \u201cProjekt gra\u0111anin\u201d\/\u201dJa gra\u0111anin\u201d, JP Mostar Parking na \u010delu s v.d. direktorom Ivanom Barbari\u0107em primio je u posjetu poduze\u0107u u\u010denike i nastavnike O\u0160 Petar Bakula iz Mostara, koji sudjeluju u Civitas programu. U\u010denici su kao temu za svoj projekt definirali problem napu\u0161tenih automobila na parkinzima u gradu Mostaru. Iz JP<\/p>","protected":false},"author":1,"featured_media":2143,"comment_status":"closed","ping_status":"closed","sticky":false,"template":"","format":"standard","meta":{"_uag_custom_page_level_css":"","site-sidebar-layout":"","site-content-layout":"","ast-main-header-display":"","ast-hfb-above-header-display":"","ast-hfb-below-header-display":"","ast-hfb-mobile-header-display":"","site-post-title":"","ast-breadcrumbs-content":"","ast-featured-img":"","footer-sml-layout":"","theme-transparent-header-meta":"","adv-header-id-meta":"","stick-header-meta":"","header-above-stick-meta":"","header-main-stick-meta":"","header-below-stick-meta":"","footnotes":""},"categories":[4],"tags":[],"class_list":["post-2142","post","type-post","status-publish","format-standard","has-post-thumbnail","hentry","category-novosti"],"yoast_head":"<!-- This site is optimized with the Yoast SEO plugin v18.9 - https:\/\/yoast.com\/wordpress\/plugins\/seo\/ -->\n<title>U\u010denici O\u0160 Petar Bakula posjetili Mostar Parking - JP &quot;MOSTAR PARKING&quot; d.o.o. Mostar<\/title>\n<meta name=\"description\" content=\"U sklopu Civitas programa, u\u010denici O\u0160 Petar Bakula su posjetili Mostar Parking i razgovarali o prometu kao i o parkingu u Mostaru...\" \/>\n<meta name=\"robots\" content=\"index, follow, max-snippet:-1, max-image-preview:large, max-video-preview:-1\" \/>\n<link rel=\"canonical\" href=\"https:\/\/moparking.ba\/bs\/mostar-parking-ucenici-posjetili-poduzece-civitas\/\" \/>\n<meta property=\"og:locale\" content=\"bs_BA\" \/>\n<meta property=\"og:type\" content=\"article\" \/>\n<meta property=\"og:title\" content=\"U\u010denici O\u0160 Petar Bakula posjetili Mostar Parking - JP &quot;MOSTAR PARKING&quot; d.o.o. Mostar\" \/>\n<meta property=\"og:description\" content=\"U sklopu Civitas programa, u\u010denici O\u0160 Petar Bakula su posjetili Mostar Parking i razgovarali o prometu kao i o parkingu u Mostaru...\" \/>\n<meta property=\"og:url\" content=\"https:\/\/moparking.ba\/bs\/mostar-parking-ucenici-posjetili-poduzece-civitas\/\" \/>\n<meta property=\"og:site_name\" content=\"JP &quot;MOSTAR PARKING&quot; d.o.o. Mostar\" \/>\n<meta property=\"article:published_time\" content=\"2022-03-29T08:07:37+00:00\" \/>\n<meta property=\"article:modified_time\" content=\"2024-08-20T14:00:50+00:00\" \/>\n<meta property=\"og:image\" content=\"https:\/\/moparking.ba\/wp-content\/uploads\/2022\/03\/Mostar-Parking-ucenici-posjetili-poduzece-Civitas-Naslovna.jpg\" \/>\n\t<meta property=\"og:image:width\" content=\"1532\" \/>\n\t<meta property=\"og:image:height\" content=\"948\" \/>\n\t<meta property=\"og:image:type\" content=\"image\/jpeg\" \/>\n<meta name=\"twitter:card\" content=\"summary_large_image\" \/>\n<meta name=\"twitter:label1\" content=\"Written by\" \/>\n\t<meta name=\"twitter:data1\" content=\"Administrator\" \/>\n\t<meta name=\"twitter:label2\" content=\"Est. reading time\" \/>\n\t<meta name=\"twitter:data2\" content=\"2 minute\" \/>\n<script type=\"application\/ld+json\" class=\"yoast-schema-graph\">{\"@context\":\"https:\/\/schema.org\",\"@graph\":[{\"@type\":\"WebSite\",\"@id\":\"https:\/\/moparking.ba\/#website\",\"url\":\"https:\/\/moparking.ba\/\",\"name\":\"JP &quot;MOSTAR PARKING&quot; d.o.o. Mostar\",\"description\":\"\",\"potentialAction\":[{\"@type\":\"SearchAction\",\"target\":{\"@type\":\"EntryPoint\",\"urlTemplate\":\"https:\/\/moparking.ba\/?s={search_term_string}\"},\"query-input\":\"required name=search_term_string\"}],\"inLanguage\":\"bs-BA\"},{\"@type\":\"ImageObject\",\"inLanguage\":\"bs-BA\",\"@id\":\"https:\/\/moparking.ba\/mostar-parking-ucenici-posjetili-poduzece-civitas\/#primaryimage\",\"url\":\"https:\/\/moparking.ba\/wp-content\/uploads\/2022\/03\/Mostar-Parking-ucenici-posjetili-poduzece-Civitas-Naslovna.jpg\",\"contentUrl\":\"https:\/\/moparking.ba\/wp-content\/uploads\/2022\/03\/Mostar-Parking-ucenici-posjetili-poduzece-Civitas-Naslovna.jpg\",\"width\":1532,\"height\":948},{\"@type\":\"WebPage\",\"@id\":\"https:\/\/moparking.ba\/mostar-parking-ucenici-posjetili-poduzece-civitas\/#webpage\",\"url\":\"https:\/\/moparking.ba\/mostar-parking-ucenici-posjetili-poduzece-civitas\/\",\"name\":\"U\u010denici O\u0160 Petar Bakula posjetili Mostar Parking - JP &quot;MOSTAR PARKING&quot; d.o.o. Mostar\",\"isPartOf\":{\"@id\":\"https:\/\/moparking.ba\/#website\"},\"primaryImageOfPage\":{\"@id\":\"https:\/\/moparking.ba\/mostar-parking-ucenici-posjetili-poduzece-civitas\/#primaryimage\"},\"datePublished\":\"2022-03-29T08:07:37+00:00\",\"dateModified\":\"2024-08-20T14:00:50+00:00\",\"author\":{\"@id\":\"https:\/\/moparking.ba\/#\/schema\/person\/64f5e8b9b2f2b7a43f33a92d91ce2253\"},\"description\":\"U sklopu Civitas programa, u\u010denici O\u0160 Petar Bakula su posjetili Mostar Parking i razgovarali o prometu kao i o parkingu u Mostaru...\",\"breadcrumb\":{\"@id\":\"https:\/\/moparking.ba\/mostar-parking-ucenici-posjetili-poduzece-civitas\/#breadcrumb\"},\"inLanguage\":\"bs-BA\",\"potentialAction\":[{\"@type\":\"ReadAction\",\"target\":[\"https:\/\/moparking.ba\/mostar-parking-ucenici-posjetili-poduzece-civitas\/\"]}]},{\"@type\":\"BreadcrumbList\",\"@id\":\"https:\/\/moparking.ba\/mostar-parking-ucenici-posjetili-poduzece-civitas\/#breadcrumb\",\"itemListElement\":[{\"@type\":\"ListItem\",\"position\":1,\"name\":\"Home\",\"item\":\"https:\/\/moparking.ba\/\"},{\"@type\":\"ListItem\",\"position\":2,\"name\":\"U\u010denici O\u0160 Petar Bakula posjetili Mostar Parking\"}]},{\"@type\":\"Person\",\"@id\":\"https:\/\/moparking.ba\/#\/schema\/person\/64f5e8b9b2f2b7a43f33a92d91ce2253\",\"name\":\"Administrator\",\"image\":{\"@type\":\"ImageObject\",\"inLanguage\":\"bs-BA\",\"@id\":\"https:\/\/moparking.ba\/#\/schema\/person\/image\/\",\"url\":\"https:\/\/secure.gravatar.com\/avatar\/dce761fc940034e3d27ca3eccbfddf86af71858980b65c503bd9e2f9efdb8e1e?s=96&d=mm&r=g\",\"contentUrl\":\"https:\/\/secure.gravatar.com\/avatar\/dce761fc940034e3d27ca3eccbfddf86af71858980b65c503bd9e2f9efdb8e1e?s=96&d=mm&r=g\",\"caption\":\"Administrator\"},\"url\":\"https:\/\/moparking.ba\/bs\/author\/admin\/\"}]}<\/script>\n<!-- \/ Yoast SEO plugin. -->","yoast_head_json":{"title":"U\u010denici O\u0160 Petar Bakula posjetili Mostar Parking - JP &quot;MOSTAR PARKING&quot; d.o.o. Mostar","description":"U sklopu Civitas programa, u\u010denici O\u0160 Petar Bakula su posjetili Mostar Parking i razgovarali o prometu kao i o parkingu u Mostaru...","robots":{"index":"index","follow":"follow","max-snippet":"max-snippet:-1","max-image-preview":"max-image-preview:large","max-video-preview":"max-video-preview:-1"},"canonical":"https:\/\/moparking.ba\/bs\/mostar-parking-ucenici-posjetili-poduzece-civitas\/","og_locale":"bs_BA","og_type":"article","og_title":"U\u010denici O\u0160 Petar Bakula posjetili Mostar Parking - JP &quot;MOSTAR PARKING&quot; d.o.o. Mostar","og_description":"U sklopu Civitas programa, u\u010denici O\u0160 Petar Bakula su posjetili Mostar Parking i razgovarali o prometu kao i o parkingu u Mostaru...","og_url":"https:\/\/moparking.ba\/bs\/mostar-parking-ucenici-posjetili-poduzece-civitas\/","og_site_name":"JP &quot;MOSTAR PARKING&quot; d.o.o. Mostar","article_published_time":"2022-03-29T08:07:37+00:00","article_modified_time":"2024-08-20T14:00:50+00:00","og_image":[{"width":1532,"height":948,"url":"https:\/\/moparking.ba\/wp-content\/uploads\/2022\/03\/Mostar-Parking-ucenici-posjetili-poduzece-Civitas-Naslovna.jpg","type":"image\/jpeg"}],"twitter_card":"summary_large_image","twitter_misc":{"Written by":"Administrator","Est. reading time":"2 minute"},"schema":{"@context":"https:\/\/schema.org","@graph":[{"@type":"WebSite","@id":"https:\/\/moparking.ba\/#website","url":"https:\/\/moparking.ba\/","name":"JP &quot;MOSTAR PARKING&quot; d.o.o. Mostar","description":"","potentialAction":[{"@type":"SearchAction","target":{"@type":"EntryPoint","urlTemplate":"https:\/\/moparking.ba\/?s={search_term_string}"},"query-input":"required name=search_term_string"}],"inLanguage":"bs-BA"},{"@type":"ImageObject","inLanguage":"bs-BA","@id":"https:\/\/moparking.ba\/mostar-parking-ucenici-posjetili-poduzece-civitas\/#primaryimage","url":"https:\/\/moparking.ba\/wp-content\/uploads\/2022\/03\/Mostar-Parking-ucenici-posjetili-poduzece-Civitas-Naslovna.jpg","contentUrl":"https:\/\/moparking.ba\/wp-content\/uploads\/2022\/03\/Mostar-Parking-ucenici-posjetili-poduzece-Civitas-Naslovna.jpg","width":1532,"height":948},{"@type":"WebPage","@id":"https:\/\/moparking.ba\/mostar-parking-ucenici-posjetili-poduzece-civitas\/#webpage","url":"https:\/\/moparking.ba\/mostar-parking-ucenici-posjetili-poduzece-civitas\/","name":"U\u010denici O\u0160 Petar Bakula posjetili Mostar Parking - JP &quot;MOSTAR PARKING&quot; d.o.o. Mostar","isPartOf":{"@id":"https:\/\/moparking.ba\/#website"},"primaryImageOfPage":{"@id":"https:\/\/moparking.ba\/mostar-parking-ucenici-posjetili-poduzece-civitas\/#primaryimage"},"datePublished":"2022-03-29T08:07:37+00:00","dateModified":"2024-08-20T14:00:50+00:00","author":{"@id":"https:\/\/moparking.ba\/#\/schema\/person\/64f5e8b9b2f2b7a43f33a92d91ce2253"},"description":"U sklopu Civitas programa, u\u010denici O\u0160 Petar Bakula su posjetili Mostar Parking i razgovarali o prometu kao i o parkingu u Mostaru...","breadcrumb":{"@id":"https:\/\/moparking.ba\/mostar-parking-ucenici-posjetili-poduzece-civitas\/#breadcrumb"},"inLanguage":"bs-BA","potentialAction":[{"@type":"ReadAction","target":["https:\/\/moparking.ba\/mostar-parking-ucenici-posjetili-poduzece-civitas\/"]}]},{"@type":"BreadcrumbList","@id":"https:\/\/moparking.ba\/mostar-parking-ucenici-posjetili-poduzece-civitas\/#breadcrumb","itemListElement":[{"@type":"ListItem","position":1,"name":"Home","item":"https:\/\/moparking.ba\/"},{"@type":"ListItem","position":2,"name":"U\u010denici O\u0160 Petar Bakula posjetili Mostar Parking"}]},{"@type":"Person","@id":"https:\/\/moparking.ba\/#\/schema\/person\/64f5e8b9b2f2b7a43f33a92d91ce2253","name":"Administrator","image":{"@type":"ImageObject","inLanguage":"bs-BA","@id":"https:\/\/moparking.ba\/#\/schema\/person\/image\/","url":"https:\/\/secure.gravatar.com\/avatar\/dce761fc940034e3d27ca3eccbfddf86af71858980b65c503bd9e2f9efdb8e1e?s=96&d=mm&r=g","contentUrl":"https:\/\/secure.gravatar.com\/avatar\/dce761fc940034e3d27ca3eccbfddf86af71858980b65c503bd9e2f9efdb8e1e?s=96&d=mm&r=g","caption":"Administrator"},"url":"https:\/\/moparking.ba\/bs\/author\/admin\/"}]}},"uagb_featured_image_src":{"full":["https:\/\/moparking.ba\/wp-content\/uploads\/2022\/03\/Mostar-Parking-ucenici-posjetili-poduzece-Civitas-Naslovna.jpg",1532,948,false],"thumbnail":["https:\/\/moparking.ba\/wp-content\/uploads\/2022\/03\/Mostar-Parking-ucenici-posjetili-poduzece-Civitas-Naslovna-150x150.jpg",150,150,true],"medium":["https:\/\/moparking.ba\/wp-content\/uploads\/2022\/03\/Mostar-Parking-ucenici-posjetili-poduzece-Civitas-Naslovna-300x186.jpg",300,186,true],"medium_large":["https:\/\/moparking.ba\/wp-content\/uploads\/2022\/03\/Mostar-Parking-ucenici-posjetili-poduzece-Civitas-Naslovna-768x475.jpg",768,475,true],"large":["https:\/\/moparking.ba\/wp-content\/uploads\/2022\/03\/Mostar-Parking-ucenici-posjetili-poduzece-Civitas-Naslovna-1024x634.jpg",1024,634,true],"post-slider-thumb-size":["https:\/\/moparking.ba\/wp-content\/uploads\/2022\/03\/Mostar-Parking-ucenici-posjetili-poduzece-Civitas-Naslovna-330x190.jpg",330,190,true],"post-category-slider-size":["https:\/\/moparking.ba\/wp-content\/uploads\/2022\/03\/Mostar-Parking-ucenici-posjetili-poduzece-Civitas-Naslovna-330x350.jpg",330,350,true],"1536x1536":["https:\/\/moparking.ba\/wp-content\/uploads\/2022\/03\/Mostar-Parking-ucenici-posjetili-poduzece-Civitas-Naslovna.jpg",1532,948,false],"2048x2048":["https:\/\/moparking.ba\/wp-content\/uploads\/2022\/03\/Mostar-Parking-ucenici-posjetili-poduzece-Civitas-Naslovna.jpg",1532,948,false],"trp-custom-language-flag":["https:\/\/moparking.ba\/wp-content\/uploads\/2022\/03\/Mostar-Parking-ucenici-posjetili-poduzece-Civitas-Naslovna-18x12.jpg",18,12,true],"ultp_layout_landscape_large":["https:\/\/moparking.ba\/wp-content\/uploads\/2022\/03\/Mostar-Parking-ucenici-posjetili-poduzece-Civitas-Naslovna-1200x800.jpg",1200,800,true],"ultp_layout_landscape":["https:\/\/moparking.ba\/wp-content\/uploads\/2022\/03\/Mostar-Parking-ucenici-posjetili-poduzece-Civitas-Naslovna-870x570.jpg",870,570,true],"ultp_layout_portrait":["https:\/\/moparking.ba\/wp-content\/uploads\/2022\/03\/Mostar-Parking-ucenici-posjetili-poduzece-Civitas-Naslovna-600x900.jpg",600,900,true],"ultp_layout_square":["https:\/\/moparking.ba\/wp-content\/uploads\/2022\/03\/Mostar-Parking-ucenici-posjetili-poduzece-Civitas-Naslovna-600x600.jpg",600,600,true]},"uagb_author_info":{"display_name":"Administrator","author_link":"https:\/\/moparking.ba\/bs\/author\/admin\/"},"uagb_comment_info":0,"uagb_excerpt":"U sklopu Civitas programa za u\u010denike \u201cProjekt gra\u0111anin\u201d\/\u201dJa gra\u0111anin\u201d, JP Mostar Parking na \u010delu s v.d. direktorom Ivanom Barbari\u0107em primio je u posjetu poduze\u0107u u\u010denike i nastavnike O\u0160 Petar Bakula iz Mostara, koji sudjeluju u Civitas programu. U\u010denici su kao temu za svoj projekt definirali problem napu\u0161tenih automobila na parkinzima u gradu Mostaru. Iz JP","_links":{"self":[{"href":"https:\/\/moparking.ba\/bs\/wp-json\/wp\/v2\/posts\/2142","targetHints":{"allow":["GET"]}}],"collection":[{"href":"https:\/\/moparking.ba\/bs\/wp-json\/wp\/v2\/posts"}],"about":[{"href":"https:\/\/moparking.ba\/bs\/wp-json\/wp\/v2\/types\/post"}],"author":[{"embeddable":true,"href":"https:\/\/moparking.ba\/bs\/wp-json\/wp\/v2\/users\/1"}],"replies":[{"embeddable":true,"href":"https:\/\/moparking.ba\/bs\/wp-json\/wp\/v2\/comments?post=2142"}],"version-history":[{"count":2,"href":"https:\/\/moparking.ba\/bs\/wp-json\/wp\/v2\/posts\/2142\/revisions"}],"predecessor-version":[{"id":2147,"href":"https:\/\/moparking.ba\/bs\/wp-json\/wp\/v2\/posts\/2142\/revisions\/2147"}],"wp:featuredmedia":[{"embeddable":true,"href":"https:\/\/moparking.ba\/bs\/wp-json\/wp\/v2\/media\/2143"}],"wp:attachment":[{"href":"https:\/\/moparking.ba\/bs\/wp-json\/wp\/v2\/media?parent=2142"}],"wp:term":[{"taxonomy":"category","embeddable":true,"href":"https:\/\/moparking.ba\/bs\/wp-json\/wp\/v2\/categories?post=2142"},{"taxonomy":"post_tag","embeddable":true,"href":"https:\/\/moparking.ba\/bs\/wp-json\/wp\/v2\/tags?post=2142"}],"curies":[{"name":"wp","href":"https:\/\/api.w.org\/{rel}","templated":true}]}}