{"id":1676,"date":"2022-01-08T12:00:44","date_gmt":"2022-01-08T12:00:44","guid":{"rendered":"https:\/\/moparking.ba\/?p=1676"},"modified":"2024-08-20T14:02:39","modified_gmt":"2024-08-20T14:02:39","slug":"rezervirajte-svoje-mjesecne-i-godisnje-karte-od-ponedjeljka-pocinje-testni-period-za-jp-mostar-parking","status":"publish","type":"post","link":"https:\/\/moparking.ba\/bs\/rezervirajte-svoje-mjesecne-i-godisnje-karte-od-ponedjeljka-pocinje-testni-period-za-jp-mostar-parking\/","title":{"rendered":"Rezervirajte svoje mjese\u010dne i godi\u0161nje karte \u2013 Od ponedjeljka po\u010dinje testni period za JP \u201eMostar Parking\u201c"},"content":{"rendered":"<p>JP \u201eMostar Parking\u201c d.o.o. Mostar u ponedjeljak, 10.1.2022 po\u010dinje s testnim periodom tijekom kojega \u0107e gra\u0111ani Grada Mostara i svi oni kojima je potreban parking u Mostaru mo\u0107i kupiti povla\u0161tene mjese\u010dne i godi\u0161nje karte. Od nazna\u010denog datuma, oni koji ispunjavaju uvjete iz nove odluke Gradskog Vije\u0107a Grada Mostara mo\u0107i \u0107e u prostorijama Mostar Parkinga kupiti mjese\u010dne ili godi\u0161nje povla\u0161tene parking karte.<\/p>\n\n\n\n<p>S obzirom na to da Mostar Parking od 7.2.2022 po\u010dinje s naplatom uli\u010dnog parkinga, a povla\u0161tene mjese\u010dne karte i godi\u0161nje karte se mogu kupiti ve\u0107 od ponedjeljka, svi oni koji unaprijed kupe povla\u0161tene karte \u0107e ve\u0107 od po\u010detka naplate imati mjesec dana povla\u0161tenu parking kartu. Tako \u0107e svi korisnici povla\u0161tenih karata koji tijekom testnog perioda kupe svoje karte za parking izbje\u0107i eventualnu gu\u017evu od trenutka kada naplata uli\u010dnog parkinga slu\u017ebeno krene.<\/p>\n\n\n\n<div class=\"wp-block-image\"><figure class=\"aligncenter size-large\"><a href=\"https:\/\/moparking.ba\/wp-content\/uploads\/2022\/01\/Mostar-Parking-pocetak-testnog-perioda-Slika-1.jpg\"><img loading=\"lazy\" decoding=\"async\" width=\"1024\" height=\"768\" src=\"https:\/\/moparking.ba\/wp-content\/uploads\/2022\/01\/Mostar-Parking-pocetak-testnog-perioda-Slika-1-1024x768.jpg\" alt=\"\" class=\"wp-image-1678\" srcset=\"https:\/\/moparking.ba\/wp-content\/uploads\/2022\/01\/Mostar-Parking-pocetak-testnog-perioda-Slika-1-1024x768.jpg 1024w, https:\/\/moparking.ba\/wp-content\/uploads\/2022\/01\/Mostar-Parking-pocetak-testnog-perioda-Slika-1-300x225.jpg 300w, https:\/\/moparking.ba\/wp-content\/uploads\/2022\/01\/Mostar-Parking-pocetak-testnog-perioda-Slika-1-768x576.jpg 768w, https:\/\/moparking.ba\/wp-content\/uploads\/2022\/01\/Mostar-Parking-pocetak-testnog-perioda-Slika-1-1536x1152.jpg 1536w, https:\/\/moparking.ba\/wp-content\/uploads\/2022\/01\/Mostar-Parking-pocetak-testnog-perioda-Slika-1-16x12.jpg 16w, https:\/\/moparking.ba\/wp-content\/uploads\/2022\/01\/Mostar-Parking-pocetak-testnog-perioda-Slika-1.jpg 1613w\" sizes=\"auto, (max-width: 1024px) 100vw, 1024px\" \/><\/a><\/figure><\/div>\n\n\n\n<p>Za prvu kupovinu povla\u0161tenih karata, svi gra\u0111ani Mostara moraju do\u0107i u prostorije JP \u201eMostar Parking\u201c, a naknadno produ\u017eivanje karata \u0107e se mo\u0107i odraditi i bez ponovnog dolaska (preko online bankarskih usluga).<\/p>\n\n\n\n<figure class=\"wp-block-gallery columns-2 is-cropped wp-block-gallery-1 is-layout-flex wp-block-gallery-is-layout-flex\"><ul class=\"blocks-gallery-grid\"><li class=\"blocks-gallery-item\"><figure><a href=\"https:\/\/moparking.ba\/wp-content\/uploads\/2022\/01\/Mostar-Parking-pocetak-testnog-perioda-Slika-2.jpg\"><img loading=\"lazy\" decoding=\"async\" width=\"1024\" height=\"768\" src=\"https:\/\/moparking.ba\/wp-content\/uploads\/2022\/01\/Mostar-Parking-pocetak-testnog-perioda-Slika-2-1024x768.jpg\" alt=\"\" data-id=\"1679\" data-full-url=\"https:\/\/moparking.ba\/wp-content\/uploads\/2022\/01\/Mostar-Parking-pocetak-testnog-perioda-Slika-2.jpg\" data-link=\"https:\/\/moparking.ba\/?attachment_id=1679\" class=\"wp-image-1679\" srcset=\"https:\/\/moparking.ba\/wp-content\/uploads\/2022\/01\/Mostar-Parking-pocetak-testnog-perioda-Slika-2-1024x768.jpg 1024w, https:\/\/moparking.ba\/wp-content\/uploads\/2022\/01\/Mostar-Parking-pocetak-testnog-perioda-Slika-2-300x225.jpg 300w, https:\/\/moparking.ba\/wp-content\/uploads\/2022\/01\/Mostar-Parking-pocetak-testnog-perioda-Slika-2-768x576.jpg 768w, https:\/\/moparking.ba\/wp-content\/uploads\/2022\/01\/Mostar-Parking-pocetak-testnog-perioda-Slika-2-1536x1152.jpg 1536w, https:\/\/moparking.ba\/wp-content\/uploads\/2022\/01\/Mostar-Parking-pocetak-testnog-perioda-Slika-2-16x12.jpg 16w, https:\/\/moparking.ba\/wp-content\/uploads\/2022\/01\/Mostar-Parking-pocetak-testnog-perioda-Slika-2.jpg 1613w\" sizes=\"auto, (max-width: 1024px) 100vw, 1024px\" \/><\/a><\/figure><\/li><li class=\"blocks-gallery-item\"><figure><a href=\"https:\/\/moparking.ba\/wp-content\/uploads\/2022\/01\/Mostar-Parking-pocetak-testnog-perioda-Slika-3.jpg\"><img loading=\"lazy\" decoding=\"async\" width=\"1024\" height=\"768\" src=\"https:\/\/moparking.ba\/wp-content\/uploads\/2022\/01\/Mostar-Parking-pocetak-testnog-perioda-Slika-3-1024x768.jpg\" alt=\"\" data-id=\"1680\" data-full-url=\"https:\/\/moparking.ba\/wp-content\/uploads\/2022\/01\/Mostar-Parking-pocetak-testnog-perioda-Slika-3.jpg\" data-link=\"https:\/\/moparking.ba\/?attachment_id=1680\" class=\"wp-image-1680\" srcset=\"https:\/\/moparking.ba\/wp-content\/uploads\/2022\/01\/Mostar-Parking-pocetak-testnog-perioda-Slika-3-1024x768.jpg 1024w, https:\/\/moparking.ba\/wp-content\/uploads\/2022\/01\/Mostar-Parking-pocetak-testnog-perioda-Slika-3-300x225.jpg 300w, https:\/\/moparking.ba\/wp-content\/uploads\/2022\/01\/Mostar-Parking-pocetak-testnog-perioda-Slika-3-768x576.jpg 768w, https:\/\/moparking.ba\/wp-content\/uploads\/2022\/01\/Mostar-Parking-pocetak-testnog-perioda-Slika-3-1536x1152.jpg 1536w, https:\/\/moparking.ba\/wp-content\/uploads\/2022\/01\/Mostar-Parking-pocetak-testnog-perioda-Slika-3-16x12.jpg 16w, https:\/\/moparking.ba\/wp-content\/uploads\/2022\/01\/Mostar-Parking-pocetak-testnog-perioda-Slika-3.jpg 1613w\" sizes=\"auto, (max-width: 1024px) 100vw, 1024px\" \/><\/a><\/figure><\/li><\/ul><\/figure>\n\n\n\n<p>Osoblje u prostorijama Mostar Parkinga \u0107e biti dostupno i gra\u0111anima kojima su potrebne dodatne informacije o naplati parkinga, a iste upu\u0107ujemo na stranicu www.moparking.ba na kojoj \u0107e biti sve potrebne informacije kao i uvid u obrasce koje \u0107e korisnici usluga Mostar Parkinga trebati popuniti prije kupovine povla\u0161tenih karata.<\/p>\n\n\n\n<p>Napominjemo da je svim korisnicima godi\u0161njih povla\u0161tenih karata ura\u010dunat popust od tri mjeseca (\u0161to zna\u010di da pla\u0107aju 9 umjesto 12 mjeseci parkinga).<\/p>\n\n\n\n<div class=\"wp-block-image\"><figure class=\"aligncenter size-large\"><a href=\"https:\/\/moparking.ba\/wp-content\/uploads\/2022\/01\/Mostar-Parking-pocetak-testnog-perioda-Slika-4-768x1024.jpg\"><img loading=\"lazy\" decoding=\"async\" width=\"768\" height=\"1024\" src=\"https:\/\/moparking.ba\/wp-content\/uploads\/2022\/01\/Mostar-Parking-pocetak-testnog-perioda-Slika-4-768x1024.jpg\" alt=\"\" class=\"wp-image-1681\" srcset=\"https:\/\/moparking.ba\/wp-content\/uploads\/2022\/01\/Mostar-Parking-pocetak-testnog-perioda-Slika-4-768x1024.jpg 768w, https:\/\/moparking.ba\/wp-content\/uploads\/2022\/01\/Mostar-Parking-pocetak-testnog-perioda-Slika-4-225x300.jpg 225w, https:\/\/moparking.ba\/wp-content\/uploads\/2022\/01\/Mostar-Parking-pocetak-testnog-perioda-Slika-4-1152x1536.jpg 1152w, https:\/\/moparking.ba\/wp-content\/uploads\/2022\/01\/Mostar-Parking-pocetak-testnog-perioda-Slika-4-9x12.jpg 9w, https:\/\/moparking.ba\/wp-content\/uploads\/2022\/01\/Mostar-Parking-pocetak-testnog-perioda-Slika-4.jpg 1210w\" sizes=\"auto, (max-width: 768px) 100vw, 768px\" \/><\/a><\/figure><\/div>\n\n\n\n<p><a href=\"https:\/\/moparking.ba\/bs\/cjenik-parking-karata\/\" target=\"_blank\" rel=\"noreferrer noopener\"><strong>Cjenik<\/strong><\/a> i <strong><a href=\"https:\/\/moparking.ba\/bs\/ulicna-parkiralista\/\" target=\"_blank\" rel=\"noreferrer noopener\">kartu parking zona<\/a> <\/strong>u Gradu Mostaru mo\u017eete prona\u0107i na <a href=\"https:\/\/moparking.ba\/bs\/\" target=\"_blank\" rel=\"noreferrer noopener\"><strong>www.moparking.ba<\/strong><\/a>, ali i u prostorijama Mostar Parkinga gdje \u0107e vam od ponedjeljka, 10.1.2022 osoblje biti na usluzi.<\/p>\n\n\n\n<p>Tako\u0111er, dodatne informacije o po\u010detku naplate, kupovini povla\u0161tenih karata i parking zonama mo\u017eete zatra\u017eiti pozivom na broj <strong>(+)387 36 55 88 99<\/strong> ili preko elektroni\u010dke po\u0161te na <strong>info@moparking.ba<\/strong>.<\/p>","protected":false},"excerpt":{"rendered":"<p>JP \u201eMostar Parking\u201c d.o.o. Mostar u ponedjeljak, 10.1.2022 po\u010dinje s testnim periodom tijekom kojega \u0107e gra\u0111ani Grada Mostara i svi oni kojima je potreban parking u Mostaru mo\u0107i kupiti povla\u0161tene mjese\u010dne i godi\u0161nje karte. Od nazna\u010denog datuma, oni koji ispunjavaju uvjete iz nove odluke Gradskog Vije\u0107a Grada Mostara mo\u0107i \u0107e u prostorijama Mostar Parkinga kupiti<\/p>","protected":false},"author":1,"featured_media":1682,"comment_status":"closed","ping_status":"closed","sticky":false,"template":"","format":"standard","meta":{"_uag_custom_page_level_css":"","site-sidebar-layout":"","site-content-layout":"","ast-main-header-display":"","ast-hfb-above-header-display":"","ast-hfb-below-header-display":"","ast-hfb-mobile-header-display":"","site-post-title":"","ast-breadcrumbs-content":"","ast-featured-img":"","footer-sml-layout":"","theme-transparent-header-meta":"","adv-header-id-meta":"","stick-header-meta":"","header-above-stick-meta":"","header-main-stick-meta":"","header-below-stick-meta":"","footnotes":""},"categories":[4],"tags":[],"class_list":["post-1676","post","type-post","status-publish","format-standard","has-post-thumbnail","hentry","category-novosti"],"yoast_head":"<!-- This site is optimized with the Yoast SEO plugin v18.9 - https:\/\/yoast.com\/wordpress\/plugins\/seo\/ -->\n<title>Rezervirajte svoje mjese\u010dne i godi\u0161nje karte \u2013 Od ponedjeljka po\u010dinje testni period za JP \u201eMostar Parking\u201c - JP &quot;MOSTAR PARKING&quot; d.o.o. Mostar<\/title>\n<meta name=\"robots\" content=\"index, follow, max-snippet:-1, max-image-preview:large, max-video-preview:-1\" \/>\n<link rel=\"canonical\" href=\"https:\/\/moparking.ba\/bs\/rezervirajte-svoje-mjesecne-i-godisnje-karte-od-ponedjeljka-pocinje-testni-period-za-jp-mostar-parking\/\" \/>\n<meta property=\"og:locale\" content=\"bs_BA\" \/>\n<meta property=\"og:type\" content=\"article\" \/>\n<meta property=\"og:title\" content=\"Rezervirajte svoje mjese\u010dne i godi\u0161nje karte \u2013 Od ponedjeljka po\u010dinje testni period za JP \u201eMostar Parking\u201c - JP &quot;MOSTAR PARKING&quot; d.o.o. Mostar\" \/>\n<meta property=\"og:description\" content=\"JP \u201eMostar Parking\u201c d.o.o. Mostar u ponedjeljak, 10.1.2022 po\u010dinje s testnim periodom tijekom kojega \u0107e gra\u0111ani Grada Mostara i svi oni kojima je potreban parking u Mostaru mo\u0107i kupiti povla\u0161tene mjese\u010dne i godi\u0161nje karte. Od nazna\u010denog datuma, oni koji ispunjavaju uvjete iz nove odluke Gradskog Vije\u0107a Grada Mostara mo\u0107i \u0107e u prostorijama Mostar Parkinga kupiti\" \/>\n<meta property=\"og:url\" content=\"https:\/\/moparking.ba\/bs\/rezervirajte-svoje-mjesecne-i-godisnje-karte-od-ponedjeljka-pocinje-testni-period-za-jp-mostar-parking\/\" \/>\n<meta property=\"og:site_name\" content=\"JP &quot;MOSTAR PARKING&quot; d.o.o. Mostar\" \/>\n<meta property=\"article:published_time\" content=\"2022-01-08T12:00:44+00:00\" \/>\n<meta property=\"article:modified_time\" content=\"2024-08-20T14:02:39+00:00\" \/>\n<meta property=\"og:image\" content=\"https:\/\/moparking.ba\/wp-content\/uploads\/2022\/01\/Mostar-Parking-pocetak-testnog-perioda-Naslovna.jpg\" \/>\n\t<meta property=\"og:image:width\" content=\"1604\" \/>\n\t<meta property=\"og:image:height\" content=\"736\" \/>\n\t<meta property=\"og:image:type\" content=\"image\/jpeg\" \/>\n<meta name=\"twitter:card\" content=\"summary_large_image\" \/>\n<meta name=\"twitter:label1\" content=\"Written by\" \/>\n\t<meta name=\"twitter:data1\" content=\"Administrator\" \/>\n\t<meta name=\"twitter:label2\" content=\"Est. reading time\" \/>\n\t<meta name=\"twitter:data2\" content=\"3 minute\" \/>\n<script type=\"application\/ld+json\" class=\"yoast-schema-graph\">{\"@context\":\"https:\/\/schema.org\",\"@graph\":[{\"@type\":\"WebSite\",\"@id\":\"https:\/\/moparking.ba\/#website\",\"url\":\"https:\/\/moparking.ba\/\",\"name\":\"JP &quot;MOSTAR PARKING&quot; d.o.o. Mostar\",\"description\":\"\",\"potentialAction\":[{\"@type\":\"SearchAction\",\"target\":{\"@type\":\"EntryPoint\",\"urlTemplate\":\"https:\/\/moparking.ba\/?s={search_term_string}\"},\"query-input\":\"required name=search_term_string\"}],\"inLanguage\":\"bs-BA\"},{\"@type\":\"ImageObject\",\"inLanguage\":\"bs-BA\",\"@id\":\"https:\/\/moparking.ba\/rezervirajte-svoje-mjesecne-i-godisnje-karte-od-ponedjeljka-pocinje-testni-period-za-jp-mostar-parking\/#primaryimage\",\"url\":\"https:\/\/moparking.ba\/wp-content\/uploads\/2022\/01\/Mostar-Parking-pocetak-testnog-perioda-Naslovna.jpg\",\"contentUrl\":\"https:\/\/moparking.ba\/wp-content\/uploads\/2022\/01\/Mostar-Parking-pocetak-testnog-perioda-Naslovna.jpg\",\"width\":1604,\"height\":736},{\"@type\":\"WebPage\",\"@id\":\"https:\/\/moparking.ba\/rezervirajte-svoje-mjesecne-i-godisnje-karte-od-ponedjeljka-pocinje-testni-period-za-jp-mostar-parking\/#webpage\",\"url\":\"https:\/\/moparking.ba\/rezervirajte-svoje-mjesecne-i-godisnje-karte-od-ponedjeljka-pocinje-testni-period-za-jp-mostar-parking\/\",\"name\":\"Rezervirajte svoje mjese\u010dne i godi\u0161nje karte \u2013 Od ponedjeljka po\u010dinje testni period za JP \u201eMostar Parking\u201c - JP &quot;MOSTAR PARKING&quot; d.o.o. Mostar\",\"isPartOf\":{\"@id\":\"https:\/\/moparking.ba\/#website\"},\"primaryImageOfPage\":{\"@id\":\"https:\/\/moparking.ba\/rezervirajte-svoje-mjesecne-i-godisnje-karte-od-ponedjeljka-pocinje-testni-period-za-jp-mostar-parking\/#primaryimage\"},\"datePublished\":\"2022-01-08T12:00:44+00:00\",\"dateModified\":\"2024-08-20T14:02:39+00:00\",\"author\":{\"@id\":\"https:\/\/moparking.ba\/#\/schema\/person\/64f5e8b9b2f2b7a43f33a92d91ce2253\"},\"breadcrumb\":{\"@id\":\"https:\/\/moparking.ba\/rezervirajte-svoje-mjesecne-i-godisnje-karte-od-ponedjeljka-pocinje-testni-period-za-jp-mostar-parking\/#breadcrumb\"},\"inLanguage\":\"bs-BA\",\"potentialAction\":[{\"@type\":\"ReadAction\",\"target\":[\"https:\/\/moparking.ba\/rezervirajte-svoje-mjesecne-i-godisnje-karte-od-ponedjeljka-pocinje-testni-period-za-jp-mostar-parking\/\"]}]},{\"@type\":\"BreadcrumbList\",\"@id\":\"https:\/\/moparking.ba\/rezervirajte-svoje-mjesecne-i-godisnje-karte-od-ponedjeljka-pocinje-testni-period-za-jp-mostar-parking\/#breadcrumb\",\"itemListElement\":[{\"@type\":\"ListItem\",\"position\":1,\"name\":\"Home\",\"item\":\"https:\/\/moparking.ba\/\"},{\"@type\":\"ListItem\",\"position\":2,\"name\":\"Rezervirajte svoje mjese\u010dne i godi\u0161nje karte \u2013 Od ponedjeljka po\u010dinje testni period za JP \u201eMostar Parking\u201c\"}]},{\"@type\":\"Person\",\"@id\":\"https:\/\/moparking.ba\/#\/schema\/person\/64f5e8b9b2f2b7a43f33a92d91ce2253\",\"name\":\"Administrator\",\"image\":{\"@type\":\"ImageObject\",\"inLanguage\":\"bs-BA\",\"@id\":\"https:\/\/moparking.ba\/#\/schema\/person\/image\/\",\"url\":\"https:\/\/secure.gravatar.com\/avatar\/dce761fc940034e3d27ca3eccbfddf86af71858980b65c503bd9e2f9efdb8e1e?s=96&d=mm&r=g\",\"contentUrl\":\"https:\/\/secure.gravatar.com\/avatar\/dce761fc940034e3d27ca3eccbfddf86af71858980b65c503bd9e2f9efdb8e1e?s=96&d=mm&r=g\",\"caption\":\"Administrator\"},\"url\":\"https:\/\/moparking.ba\/bs\/author\/admin\/\"}]}<\/script>\n<!-- \/ Yoast SEO plugin. -->","yoast_head_json":{"title":"Rezervirajte svoje mjese\u010dne i godi\u0161nje karte \u2013 Od ponedjeljka po\u010dinje testni period za JP \u201eMostar Parking\u201c - JP &quot;MOSTAR PARKING&quot; d.o.o. Mostar","robots":{"index":"index","follow":"follow","max-snippet":"max-snippet:-1","max-image-preview":"max-image-preview:large","max-video-preview":"max-video-preview:-1"},"canonical":"https:\/\/moparking.ba\/bs\/rezervirajte-svoje-mjesecne-i-godisnje-karte-od-ponedjeljka-pocinje-testni-period-za-jp-mostar-parking\/","og_locale":"bs_BA","og_type":"article","og_title":"Rezervirajte svoje mjese\u010dne i godi\u0161nje karte \u2013 Od ponedjeljka po\u010dinje testni period za JP \u201eMostar Parking\u201c - JP &quot;MOSTAR PARKING&quot; d.o.o. Mostar","og_description":"JP \u201eMostar Parking\u201c d.o.o. Mostar u ponedjeljak, 10.1.2022 po\u010dinje s testnim periodom tijekom kojega \u0107e gra\u0111ani Grada Mostara i svi oni kojima je potreban parking u Mostaru mo\u0107i kupiti povla\u0161tene mjese\u010dne i godi\u0161nje karte. Od nazna\u010denog datuma, oni koji ispunjavaju uvjete iz nove odluke Gradskog Vije\u0107a Grada Mostara mo\u0107i \u0107e u prostorijama Mostar Parkinga kupiti","og_url":"https:\/\/moparking.ba\/bs\/rezervirajte-svoje-mjesecne-i-godisnje-karte-od-ponedjeljka-pocinje-testni-period-za-jp-mostar-parking\/","og_site_name":"JP &quot;MOSTAR PARKING&quot; d.o.o. Mostar","article_published_time":"2022-01-08T12:00:44+00:00","article_modified_time":"2024-08-20T14:02:39+00:00","og_image":[{"width":1604,"height":736,"url":"https:\/\/moparking.ba\/wp-content\/uploads\/2022\/01\/Mostar-Parking-pocetak-testnog-perioda-Naslovna.jpg","type":"image\/jpeg"}],"twitter_card":"summary_large_image","twitter_misc":{"Written by":"Administrator","Est. reading time":"3 minute"},"schema":{"@context":"https:\/\/schema.org","@graph":[{"@type":"WebSite","@id":"https:\/\/moparking.ba\/#website","url":"https:\/\/moparking.ba\/","name":"JP &quot;MOSTAR PARKING&quot; d.o.o. Mostar","description":"","potentialAction":[{"@type":"SearchAction","target":{"@type":"EntryPoint","urlTemplate":"https:\/\/moparking.ba\/?s={search_term_string}"},"query-input":"required name=search_term_string"}],"inLanguage":"bs-BA"},{"@type":"ImageObject","inLanguage":"bs-BA","@id":"https:\/\/moparking.ba\/rezervirajte-svoje-mjesecne-i-godisnje-karte-od-ponedjeljka-pocinje-testni-period-za-jp-mostar-parking\/#primaryimage","url":"https:\/\/moparking.ba\/wp-content\/uploads\/2022\/01\/Mostar-Parking-pocetak-testnog-perioda-Naslovna.jpg","contentUrl":"https:\/\/moparking.ba\/wp-content\/uploads\/2022\/01\/Mostar-Parking-pocetak-testnog-perioda-Naslovna.jpg","width":1604,"height":736},{"@type":"WebPage","@id":"https:\/\/moparking.ba\/rezervirajte-svoje-mjesecne-i-godisnje-karte-od-ponedjeljka-pocinje-testni-period-za-jp-mostar-parking\/#webpage","url":"https:\/\/moparking.ba\/rezervirajte-svoje-mjesecne-i-godisnje-karte-od-ponedjeljka-pocinje-testni-period-za-jp-mostar-parking\/","name":"Rezervirajte svoje mjese\u010dne i godi\u0161nje karte \u2013 Od ponedjeljka po\u010dinje testni period za JP \u201eMostar Parking\u201c - JP &quot;MOSTAR PARKING&quot; d.o.o. Mostar","isPartOf":{"@id":"https:\/\/moparking.ba\/#website"},"primaryImageOfPage":{"@id":"https:\/\/moparking.ba\/rezervirajte-svoje-mjesecne-i-godisnje-karte-od-ponedjeljka-pocinje-testni-period-za-jp-mostar-parking\/#primaryimage"},"datePublished":"2022-01-08T12:00:44+00:00","dateModified":"2024-08-20T14:02:39+00:00","author":{"@id":"https:\/\/moparking.ba\/#\/schema\/person\/64f5e8b9b2f2b7a43f33a92d91ce2253"},"breadcrumb":{"@id":"https:\/\/moparking.ba\/rezervirajte-svoje-mjesecne-i-godisnje-karte-od-ponedjeljka-pocinje-testni-period-za-jp-mostar-parking\/#breadcrumb"},"inLanguage":"bs-BA","potentialAction":[{"@type":"ReadAction","target":["https:\/\/moparking.ba\/rezervirajte-svoje-mjesecne-i-godisnje-karte-od-ponedjeljka-pocinje-testni-period-za-jp-mostar-parking\/"]}]},{"@type":"BreadcrumbList","@id":"https:\/\/moparking.ba\/rezervirajte-svoje-mjesecne-i-godisnje-karte-od-ponedjeljka-pocinje-testni-period-za-jp-mostar-parking\/#breadcrumb","itemListElement":[{"@type":"ListItem","position":1,"name":"Home","item":"https:\/\/moparking.ba\/"},{"@type":"ListItem","position":2,"name":"Rezervirajte svoje mjese\u010dne i godi\u0161nje karte \u2013 Od ponedjeljka po\u010dinje testni period za JP \u201eMostar Parking\u201c"}]},{"@type":"Person","@id":"https:\/\/moparking.ba\/#\/schema\/person\/64f5e8b9b2f2b7a43f33a92d91ce2253","name":"Administrator","image":{"@type":"ImageObject","inLanguage":"bs-BA","@id":"https:\/\/moparking.ba\/#\/schema\/person\/image\/","url":"https:\/\/secure.gravatar.com\/avatar\/dce761fc940034e3d27ca3eccbfddf86af71858980b65c503bd9e2f9efdb8e1e?s=96&d=mm&r=g","contentUrl":"https:\/\/secure.gravatar.com\/avatar\/dce761fc940034e3d27ca3eccbfddf86af71858980b65c503bd9e2f9efdb8e1e?s=96&d=mm&r=g","caption":"Administrator"},"url":"https:\/\/moparking.ba\/bs\/author\/admin\/"}]}},"uagb_featured_image_src":{"full":["https:\/\/moparking.ba\/wp-content\/uploads\/2022\/01\/Mostar-Parking-pocetak-testnog-perioda-Naslovna.jpg",1604,736,false],"thumbnail":["https:\/\/moparking.ba\/wp-content\/uploads\/2022\/01\/Mostar-Parking-pocetak-testnog-perioda-Naslovna-150x150.jpg",150,150,true],"medium":["https:\/\/moparking.ba\/wp-content\/uploads\/2022\/01\/Mostar-Parking-pocetak-testnog-perioda-Naslovna-300x138.jpg",300,138,true],"medium_large":["https:\/\/moparking.ba\/wp-content\/uploads\/2022\/01\/Mostar-Parking-pocetak-testnog-perioda-Naslovna-768x352.jpg",768,352,true],"large":["https:\/\/moparking.ba\/wp-content\/uploads\/2022\/01\/Mostar-Parking-pocetak-testnog-perioda-Naslovna-1024x470.jpg",1024,470,true],"post-slider-thumb-size":["https:\/\/moparking.ba\/wp-content\/uploads\/2022\/01\/Mostar-Parking-pocetak-testnog-perioda-Naslovna-330x190.jpg",330,190,true],"post-category-slider-size":["https:\/\/moparking.ba\/wp-content\/uploads\/2022\/01\/Mostar-Parking-pocetak-testnog-perioda-Naslovna-330x350.jpg",330,350,true],"1536x1536":["https:\/\/moparking.ba\/wp-content\/uploads\/2022\/01\/Mostar-Parking-pocetak-testnog-perioda-Naslovna-1536x705.jpg",1536,705,true],"2048x2048":["https:\/\/moparking.ba\/wp-content\/uploads\/2022\/01\/Mostar-Parking-pocetak-testnog-perioda-Naslovna.jpg",1604,736,false],"trp-custom-language-flag":["https:\/\/moparking.ba\/wp-content\/uploads\/2022\/01\/Mostar-Parking-pocetak-testnog-perioda-Naslovna-18x8.jpg",18,8,true],"ultp_layout_landscape_large":["https:\/\/moparking.ba\/wp-content\/uploads\/2022\/01\/Mostar-Parking-pocetak-testnog-perioda-Naslovna-1200x736.jpg",1200,736,true],"ultp_layout_landscape":["https:\/\/moparking.ba\/wp-content\/uploads\/2022\/01\/Mostar-Parking-pocetak-testnog-perioda-Naslovna-870x570.jpg",870,570,true],"ultp_layout_portrait":["https:\/\/moparking.ba\/wp-content\/uploads\/2022\/01\/Mostar-Parking-pocetak-testnog-perioda-Naslovna-600x736.jpg",600,736,true],"ultp_layout_square":["https:\/\/moparking.ba\/wp-content\/uploads\/2022\/01\/Mostar-Parking-pocetak-testnog-perioda-Naslovna-600x600.jpg",600,600,true]},"uagb_author_info":{"display_name":"Administrator","author_link":"https:\/\/moparking.ba\/bs\/author\/admin\/"},"uagb_comment_info":0,"uagb_excerpt":"JP \u201eMostar Parking\u201c d.o.o. Mostar u ponedjeljak, 10.1.2022 po\u010dinje s testnim periodom tijekom kojega \u0107e gra\u0111ani Grada Mostara i svi oni kojima je potreban parking u Mostaru mo\u0107i kupiti povla\u0161tene mjese\u010dne i godi\u0161nje karte. Od nazna\u010denog datuma, oni koji ispunjavaju uvjete iz nove odluke Gradskog Vije\u0107a Grada Mostara mo\u0107i \u0107e u prostorijama Mostar Parkinga kupiti","_links":{"self":[{"href":"https:\/\/moparking.ba\/bs\/wp-json\/wp\/v2\/posts\/1676","targetHints":{"allow":["GET"]}}],"collection":[{"href":"https:\/\/moparking.ba\/bs\/wp-json\/wp\/v2\/posts"}],"about":[{"href":"https:\/\/moparking.ba\/bs\/wp-json\/wp\/v2\/types\/post"}],"author":[{"embeddable":true,"href":"https:\/\/moparking.ba\/bs\/wp-json\/wp\/v2\/users\/1"}],"replies":[{"embeddable":true,"href":"https:\/\/moparking.ba\/bs\/wp-json\/wp\/v2\/comments?post=1676"}],"version-history":[{"count":5,"href":"https:\/\/moparking.ba\/bs\/wp-json\/wp\/v2\/posts\/1676\/revisions"}],"predecessor-version":[{"id":1793,"href":"https:\/\/moparking.ba\/bs\/wp-json\/wp\/v2\/posts\/1676\/revisions\/1793"}],"wp:featuredmedia":[{"embeddable":true,"href":"https:\/\/moparking.ba\/bs\/wp-json\/wp\/v2\/media\/1682"}],"wp:attachment":[{"href":"https:\/\/moparking.ba\/bs\/wp-json\/wp\/v2\/media?parent=1676"}],"wp:term":[{"taxonomy":"category","embeddable":true,"href":"https:\/\/moparking.ba\/bs\/wp-json\/wp\/v2\/categories?post=1676"},{"taxonomy":"post_tag","embeddable":true,"href":"https:\/\/moparking.ba\/bs\/wp-json\/wp\/v2\/tags?post=1676"}],"curies":[{"name":"wp","href":"https:\/\/api.w.org\/{rel}","templated":true}]}}