{"id":1648,"date":"2022-01-05T17:57:44","date_gmt":"2022-01-05T17:57:44","guid":{"rendered":"https:\/\/moparking.ba\/?p=1648"},"modified":"2024-08-20T14:02:39","modified_gmt":"2024-08-20T14:02:39","slug":"uskoro-krece-prodaja-parking-karata-mostar-moparking","status":"publish","type":"post","link":"https:\/\/moparking.ba\/bs\/uskoro-krece-prodaja-parking-karata-mostar-moparking\/","title":{"rendered":"Mostar Parking &#8211; Uskoro kre\u0107e prodaja parking karata"},"content":{"rendered":"<p>&#8221;Poduze\u0107e je spremno za rad&#8221;, rekao je novinarima Ivan Barbari\u0107, direktor JP Mostar Parkinga.<\/p>\n\n\n\n<p>Naime, od 10. sije\u010dnja Mostar Parking kre\u0107e s prodajom mjese\u010dnih i godi\u0161njih karata u svojim prostorijama.<\/p>\n\n\n\n<p>&#8221;Od 7. velja\u010de \u0107emo krenuti s kontrolom parkinga na terenu,. U tom periodu od 10. sije\u010dnja do 7. velja\u010de, gra\u0111ani \u0107e mo\u0107i vidjeti uniformirane i akreditirane kontrolore koji \u0107e obilaziti parkinge. Slobodno ih mogu upitati za bilo koje informacije. Za sve ostale informacije gra\u0111ani se mogu obratiti u sredi\u0161njicu dru\u0161tva te na info-telefon 036 55 88 99&#8221;, rekao je Barbari\u0107.<\/p>\n\n\n\n<p>Radno vrijeme prodajnog mjesta je od 10 do 18 sati i subotom od 9 do 15 sati.<\/p>\n\n\n\n<p>Barbari\u0107 je pozvao gra\u0111ane da im pomognu i da prihvate &#8221;nova lica na ulicama grada i kontrolore koji \u0107e im biti na usluzi&#8221;.<\/p>\n\n\n\n<div class=\"wp-block-image\"><figure class=\"aligncenter size-full\"><a href=\"https:\/\/moparking.ba\/wp-content\/uploads\/2022\/01\/Uskoro-krece-prodaja-parking-karata-Mostar-MoParking-Slika-1-1.jpg\"><img loading=\"lazy\" decoding=\"async\" width=\"757\" height=\"946\" src=\"https:\/\/moparking.ba\/wp-content\/uploads\/2022\/01\/Uskoro-krece-prodaja-parking-karata-Mostar-MoParking-Slika-1-1.jpg\" alt=\"\" class=\"wp-image-1651\" srcset=\"https:\/\/moparking.ba\/wp-content\/uploads\/2022\/01\/Uskoro-krece-prodaja-parking-karata-Mostar-MoParking-Slika-1-1.jpg 757w, https:\/\/moparking.ba\/wp-content\/uploads\/2022\/01\/Uskoro-krece-prodaja-parking-karata-Mostar-MoParking-Slika-1-1-240x300.jpg 240w, https:\/\/moparking.ba\/wp-content\/uploads\/2022\/01\/Uskoro-krece-prodaja-parking-karata-Mostar-MoParking-Slika-1-1-10x12.jpg 10w\" sizes=\"auto, (max-width: 757px) 100vw, 757px\" \/><\/a><figcaption>Parking zone u Mostaru<\/figcaption><\/figure><\/div>\n\n\n\n<p>&#8221;Dugoro\u010dni su planovi da zajedno s Gradom ure\u0111ujemo postoje\u0107a parking mjesta i gradimo nova. I na tom tragu smo neke pripreme napravili. Sada je gra\u0111anima najva\u017enije da prihvate datum 10. sije\u010dnja kao po\u010detak prodaje mjese\u010dnih i godi\u0161njih karata i 7. velja\u010de kao po\u010detak kontrole na ulicama&#8221;, rekao je Barbari\u0107.<\/p>\n\n\n\n<p>Sve opcije pla\u0107anja karata bit \u0107e dostupne gra\u0111anima \u2013 putem aparata, kovanicama, SMS-om kao i mobilno pla\u0107anje.<\/p>\n\n\n\n<p>&#8221;\u0160to se ti\u010de kazni, sustav je jednostavan. Kontrolori kontroliraju pomo\u0107u registarskih oznaka. U slu\u010daju da bilo tko nije platio navedenu kartu za zonu u kojoj je parkirao, slijedi dnevna parking karta kao kazna i gra\u0111ani imaju rok od osam dana da je plate. U slu\u010daju da to ne u\u010dine, pokre\u0107e se prekr\u0161ajni nalog koji ulazi u registar kazni&#8221;, rekao je.<\/p>\n\n\n\n<div class=\"wp-block-image\"><figure class=\"aligncenter size-full\"><img loading=\"lazy\" decoding=\"async\" width=\"960\" height=\"385\" src=\"https:\/\/moparking.ba\/wp-content\/uploads\/2021\/12\/MoParking-Homepage.jpg\" alt=\"\" class=\"wp-image-1612\" srcset=\"https:\/\/moparking.ba\/wp-content\/uploads\/2021\/12\/MoParking-Homepage.jpg 960w, https:\/\/moparking.ba\/wp-content\/uploads\/2021\/12\/MoParking-Homepage-300x120.jpg 300w, https:\/\/moparking.ba\/wp-content\/uploads\/2021\/12\/MoParking-Homepage-768x308.jpg 768w, https:\/\/moparking.ba\/wp-content\/uploads\/2021\/12\/MoParking-Homepage-18x7.jpg 18w\" sizes=\"auto, (max-width: 960px) 100vw, 960px\" \/><\/figure><\/div>\n\n\n\n<p>Na pitanje o eventualnim kaznama za automobile sa stranim, rekao je kako \u0107e to biti, kao i ve\u0107ini gradova, biti izazov.<\/p>\n\n\n\n<p>Rekao je kako su pregledali sve parking automate te da oni funkcioniraju te da poduze\u0107e aparata ima i na zalihama.<\/p>\n\n\n\n<p>&#8221;Ako se dogodi negdje, tehni\u010dki problem, to \u0107emo vrlo brzo rije\u0161iti&#8221;, rekao je i dodao kako se priprema natje\u010daj za \u0161est novih kontrolora.<\/p>\n\n\n\n<p>Prenosi: <a href=\"https:\/\/www.bljesak.info\/gospodarstvo\/ulaganja\/spremno-je-spremite-se-na-placanje-parkinga-u-mostaru\/370461\" target=\"_blank\" rel=\"noreferrer noopener nofollow\">www.bljesak.info<\/a><\/p>","protected":false},"excerpt":{"rendered":"<p>&#8221;Poduze\u0107e je spremno za rad&#8221;, rekao je novinarima Ivan Barbari\u0107, direktor JP Mostar Parkinga. Naime, od 10. sije\u010dnja Mostar Parking kre\u0107e s prodajom mjese\u010dnih i godi\u0161njih karata u svojim prostorijama. &#8221;Od 7. velja\u010de \u0107emo krenuti s kontrolom parkinga na terenu,. U tom periodu od 10. sije\u010dnja do 7. velja\u010de, gra\u0111ani \u0107e mo\u0107i vidjeti uniformirane i<\/p>","protected":false},"author":1,"featured_media":1649,"comment_status":"closed","ping_status":"closed","sticky":false,"template":"","format":"standard","meta":{"_uag_custom_page_level_css":"","site-sidebar-layout":"","site-content-layout":"","ast-main-header-display":"","ast-hfb-above-header-display":"","ast-hfb-below-header-display":"","ast-hfb-mobile-header-display":"","site-post-title":"","ast-breadcrumbs-content":"","ast-featured-img":"","footer-sml-layout":"","theme-transparent-header-meta":"","adv-header-id-meta":"","stick-header-meta":"","header-above-stick-meta":"","header-main-stick-meta":"","header-below-stick-meta":"","footnotes":""},"categories":[4],"tags":[],"class_list":["post-1648","post","type-post","status-publish","format-standard","has-post-thumbnail","hentry","category-novosti"],"yoast_head":"<!-- This site is optimized with the Yoast SEO plugin v18.9 - https:\/\/yoast.com\/wordpress\/plugins\/seo\/ -->\n<title>Mostar Parking - Uskoro kre\u0107e prodaja parking karata - JP &quot;MOSTAR PARKING&quot; d.o.o. Mostar<\/title>\n<meta name=\"description\" content=\"JP &quot;Mostar Parking&quot; d.o.o Mostar je krenulo s radom, a saznajte i datum otkada po\u010dinje naplata parkinga u Mostaru...\" \/>\n<meta name=\"robots\" content=\"index, follow, max-snippet:-1, max-image-preview:large, max-video-preview:-1\" \/>\n<link rel=\"canonical\" href=\"https:\/\/moparking.ba\/bs\/uskoro-krece-prodaja-parking-karata-mostar-moparking\/\" \/>\n<meta property=\"og:locale\" content=\"bs_BA\" \/>\n<meta property=\"og:type\" content=\"article\" \/>\n<meta property=\"og:title\" content=\"Mostar Parking - Uskoro kre\u0107e prodaja parking karata - JP &quot;MOSTAR PARKING&quot; d.o.o. Mostar\" \/>\n<meta property=\"og:description\" content=\"JP &quot;Mostar Parking&quot; d.o.o Mostar je krenulo s radom, a saznajte i datum otkada po\u010dinje naplata parkinga u Mostaru...\" \/>\n<meta property=\"og:url\" content=\"https:\/\/moparking.ba\/bs\/uskoro-krece-prodaja-parking-karata-mostar-moparking\/\" \/>\n<meta property=\"og:site_name\" content=\"JP &quot;MOSTAR PARKING&quot; d.o.o. Mostar\" \/>\n<meta property=\"article:published_time\" content=\"2022-01-05T17:57:44+00:00\" \/>\n<meta property=\"article:modified_time\" content=\"2024-08-20T14:02:39+00:00\" \/>\n<meta property=\"og:image\" content=\"https:\/\/moparking.ba\/wp-content\/uploads\/2022\/01\/Uskoro-krece-prodaja-parking-karata-Mostar-MoParking-Naslovna.jpg\" \/>\n\t<meta property=\"og:image:width\" content=\"798\" \/>\n\t<meta property=\"og:image:height\" content=\"438\" \/>\n\t<meta property=\"og:image:type\" content=\"image\/jpeg\" \/>\n<meta name=\"twitter:card\" content=\"summary_large_image\" \/>\n<meta name=\"twitter:label1\" content=\"Written by\" \/>\n\t<meta name=\"twitter:data1\" content=\"Administrator\" \/>\n\t<meta name=\"twitter:label2\" content=\"Est. reading time\" \/>\n\t<meta name=\"twitter:data2\" content=\"2 minute\" \/>\n<script type=\"application\/ld+json\" class=\"yoast-schema-graph\">{\"@context\":\"https:\/\/schema.org\",\"@graph\":[{\"@type\":\"WebSite\",\"@id\":\"https:\/\/moparking.ba\/#website\",\"url\":\"https:\/\/moparking.ba\/\",\"name\":\"JP &quot;MOSTAR PARKING&quot; d.o.o. Mostar\",\"description\":\"\",\"potentialAction\":[{\"@type\":\"SearchAction\",\"target\":{\"@type\":\"EntryPoint\",\"urlTemplate\":\"https:\/\/moparking.ba\/?s={search_term_string}\"},\"query-input\":\"required name=search_term_string\"}],\"inLanguage\":\"bs-BA\"},{\"@type\":\"ImageObject\",\"inLanguage\":\"bs-BA\",\"@id\":\"https:\/\/moparking.ba\/uskoro-krece-prodaja-parking-karata-mostar-moparking\/#primaryimage\",\"url\":\"https:\/\/moparking.ba\/wp-content\/uploads\/2022\/01\/Uskoro-krece-prodaja-parking-karata-Mostar-MoParking-Naslovna.jpg\",\"contentUrl\":\"https:\/\/moparking.ba\/wp-content\/uploads\/2022\/01\/Uskoro-krece-prodaja-parking-karata-Mostar-MoParking-Naslovna.jpg\",\"width\":798,\"height\":438},{\"@type\":\"WebPage\",\"@id\":\"https:\/\/moparking.ba\/uskoro-krece-prodaja-parking-karata-mostar-moparking\/#webpage\",\"url\":\"https:\/\/moparking.ba\/uskoro-krece-prodaja-parking-karata-mostar-moparking\/\",\"name\":\"Mostar Parking - Uskoro kre\u0107e prodaja parking karata - JP &quot;MOSTAR PARKING&quot; d.o.o. Mostar\",\"isPartOf\":{\"@id\":\"https:\/\/moparking.ba\/#website\"},\"primaryImageOfPage\":{\"@id\":\"https:\/\/moparking.ba\/uskoro-krece-prodaja-parking-karata-mostar-moparking\/#primaryimage\"},\"datePublished\":\"2022-01-05T17:57:44+00:00\",\"dateModified\":\"2024-08-20T14:02:39+00:00\",\"author\":{\"@id\":\"https:\/\/moparking.ba\/#\/schema\/person\/64f5e8b9b2f2b7a43f33a92d91ce2253\"},\"description\":\"JP \\\"Mostar Parking\\\" d.o.o Mostar je krenulo s radom, a saznajte i datum otkada po\u010dinje naplata parkinga u Mostaru...\",\"breadcrumb\":{\"@id\":\"https:\/\/moparking.ba\/uskoro-krece-prodaja-parking-karata-mostar-moparking\/#breadcrumb\"},\"inLanguage\":\"bs-BA\",\"potentialAction\":[{\"@type\":\"ReadAction\",\"target\":[\"https:\/\/moparking.ba\/uskoro-krece-prodaja-parking-karata-mostar-moparking\/\"]}]},{\"@type\":\"BreadcrumbList\",\"@id\":\"https:\/\/moparking.ba\/uskoro-krece-prodaja-parking-karata-mostar-moparking\/#breadcrumb\",\"itemListElement\":[{\"@type\":\"ListItem\",\"position\":1,\"name\":\"Home\",\"item\":\"https:\/\/moparking.ba\/\"},{\"@type\":\"ListItem\",\"position\":2,\"name\":\"Mostar Parking &#8211; Uskoro kre\u0107e prodaja parking karata\"}]},{\"@type\":\"Person\",\"@id\":\"https:\/\/moparking.ba\/#\/schema\/person\/64f5e8b9b2f2b7a43f33a92d91ce2253\",\"name\":\"Administrator\",\"image\":{\"@type\":\"ImageObject\",\"inLanguage\":\"bs-BA\",\"@id\":\"https:\/\/moparking.ba\/#\/schema\/person\/image\/\",\"url\":\"https:\/\/secure.gravatar.com\/avatar\/dce761fc940034e3d27ca3eccbfddf86af71858980b65c503bd9e2f9efdb8e1e?s=96&d=mm&r=g\",\"contentUrl\":\"https:\/\/secure.gravatar.com\/avatar\/dce761fc940034e3d27ca3eccbfddf86af71858980b65c503bd9e2f9efdb8e1e?s=96&d=mm&r=g\",\"caption\":\"Administrator\"},\"url\":\"https:\/\/moparking.ba\/bs\/author\/admin\/\"}]}<\/script>\n<!-- \/ Yoast SEO plugin. -->","yoast_head_json":{"title":"Mostar Parking - Uskoro kre\u0107e prodaja parking karata - JP &quot;MOSTAR PARKING&quot; d.o.o. Mostar","description":"JP \"Mostar Parking\" d.o.o Mostar je krenulo s radom, a saznajte i datum otkada po\u010dinje naplata parkinga u Mostaru...","robots":{"index":"index","follow":"follow","max-snippet":"max-snippet:-1","max-image-preview":"max-image-preview:large","max-video-preview":"max-video-preview:-1"},"canonical":"https:\/\/moparking.ba\/bs\/uskoro-krece-prodaja-parking-karata-mostar-moparking\/","og_locale":"bs_BA","og_type":"article","og_title":"Mostar Parking - Uskoro kre\u0107e prodaja parking karata - JP &quot;MOSTAR PARKING&quot; d.o.o. Mostar","og_description":"JP \"Mostar Parking\" d.o.o Mostar je krenulo s radom, a saznajte i datum otkada po\u010dinje naplata parkinga u Mostaru...","og_url":"https:\/\/moparking.ba\/bs\/uskoro-krece-prodaja-parking-karata-mostar-moparking\/","og_site_name":"JP &quot;MOSTAR PARKING&quot; d.o.o. Mostar","article_published_time":"2022-01-05T17:57:44+00:00","article_modified_time":"2024-08-20T14:02:39+00:00","og_image":[{"width":798,"height":438,"url":"https:\/\/moparking.ba\/wp-content\/uploads\/2022\/01\/Uskoro-krece-prodaja-parking-karata-Mostar-MoParking-Naslovna.jpg","type":"image\/jpeg"}],"twitter_card":"summary_large_image","twitter_misc":{"Written by":"Administrator","Est. reading time":"2 minute"},"schema":{"@context":"https:\/\/schema.org","@graph":[{"@type":"WebSite","@id":"https:\/\/moparking.ba\/#website","url":"https:\/\/moparking.ba\/","name":"JP &quot;MOSTAR PARKING&quot; d.o.o. Mostar","description":"","potentialAction":[{"@type":"SearchAction","target":{"@type":"EntryPoint","urlTemplate":"https:\/\/moparking.ba\/?s={search_term_string}"},"query-input":"required name=search_term_string"}],"inLanguage":"bs-BA"},{"@type":"ImageObject","inLanguage":"bs-BA","@id":"https:\/\/moparking.ba\/uskoro-krece-prodaja-parking-karata-mostar-moparking\/#primaryimage","url":"https:\/\/moparking.ba\/wp-content\/uploads\/2022\/01\/Uskoro-krece-prodaja-parking-karata-Mostar-MoParking-Naslovna.jpg","contentUrl":"https:\/\/moparking.ba\/wp-content\/uploads\/2022\/01\/Uskoro-krece-prodaja-parking-karata-Mostar-MoParking-Naslovna.jpg","width":798,"height":438},{"@type":"WebPage","@id":"https:\/\/moparking.ba\/uskoro-krece-prodaja-parking-karata-mostar-moparking\/#webpage","url":"https:\/\/moparking.ba\/uskoro-krece-prodaja-parking-karata-mostar-moparking\/","name":"Mostar Parking - Uskoro kre\u0107e prodaja parking karata - JP &quot;MOSTAR PARKING&quot; d.o.o. Mostar","isPartOf":{"@id":"https:\/\/moparking.ba\/#website"},"primaryImageOfPage":{"@id":"https:\/\/moparking.ba\/uskoro-krece-prodaja-parking-karata-mostar-moparking\/#primaryimage"},"datePublished":"2022-01-05T17:57:44+00:00","dateModified":"2024-08-20T14:02:39+00:00","author":{"@id":"https:\/\/moparking.ba\/#\/schema\/person\/64f5e8b9b2f2b7a43f33a92d91ce2253"},"description":"JP \"Mostar Parking\" d.o.o Mostar je krenulo s radom, a saznajte i datum otkada po\u010dinje naplata parkinga u Mostaru...","breadcrumb":{"@id":"https:\/\/moparking.ba\/uskoro-krece-prodaja-parking-karata-mostar-moparking\/#breadcrumb"},"inLanguage":"bs-BA","potentialAction":[{"@type":"ReadAction","target":["https:\/\/moparking.ba\/uskoro-krece-prodaja-parking-karata-mostar-moparking\/"]}]},{"@type":"BreadcrumbList","@id":"https:\/\/moparking.ba\/uskoro-krece-prodaja-parking-karata-mostar-moparking\/#breadcrumb","itemListElement":[{"@type":"ListItem","position":1,"name":"Home","item":"https:\/\/moparking.ba\/"},{"@type":"ListItem","position":2,"name":"Mostar Parking &#8211; Uskoro kre\u0107e prodaja parking karata"}]},{"@type":"Person","@id":"https:\/\/moparking.ba\/#\/schema\/person\/64f5e8b9b2f2b7a43f33a92d91ce2253","name":"Administrator","image":{"@type":"ImageObject","inLanguage":"bs-BA","@id":"https:\/\/moparking.ba\/#\/schema\/person\/image\/","url":"https:\/\/secure.gravatar.com\/avatar\/dce761fc940034e3d27ca3eccbfddf86af71858980b65c503bd9e2f9efdb8e1e?s=96&d=mm&r=g","contentUrl":"https:\/\/secure.gravatar.com\/avatar\/dce761fc940034e3d27ca3eccbfddf86af71858980b65c503bd9e2f9efdb8e1e?s=96&d=mm&r=g","caption":"Administrator"},"url":"https:\/\/moparking.ba\/bs\/author\/admin\/"}]}},"uagb_featured_image_src":{"full":["https:\/\/moparking.ba\/wp-content\/uploads\/2022\/01\/Uskoro-krece-prodaja-parking-karata-Mostar-MoParking-Naslovna.jpg",798,438,false],"thumbnail":["https:\/\/moparking.ba\/wp-content\/uploads\/2022\/01\/Uskoro-krece-prodaja-parking-karata-Mostar-MoParking-Naslovna-150x150.jpg",150,150,true],"medium":["https:\/\/moparking.ba\/wp-content\/uploads\/2022\/01\/Uskoro-krece-prodaja-parking-karata-Mostar-MoParking-Naslovna-300x165.jpg",300,165,true],"medium_large":["https:\/\/moparking.ba\/wp-content\/uploads\/2022\/01\/Uskoro-krece-prodaja-parking-karata-Mostar-MoParking-Naslovna-768x422.jpg",768,422,true],"large":["https:\/\/moparking.ba\/wp-content\/uploads\/2022\/01\/Uskoro-krece-prodaja-parking-karata-Mostar-MoParking-Naslovna.jpg",798,438,false],"post-slider-thumb-size":["https:\/\/moparking.ba\/wp-content\/uploads\/2022\/01\/Uskoro-krece-prodaja-parking-karata-Mostar-MoParking-Naslovna-330x190.jpg",330,190,true],"post-category-slider-size":["https:\/\/moparking.ba\/wp-content\/uploads\/2022\/01\/Uskoro-krece-prodaja-parking-karata-Mostar-MoParking-Naslovna-330x350.jpg",330,350,true],"1536x1536":["https:\/\/moparking.ba\/wp-content\/uploads\/2022\/01\/Uskoro-krece-prodaja-parking-karata-Mostar-MoParking-Naslovna.jpg",798,438,false],"2048x2048":["https:\/\/moparking.ba\/wp-content\/uploads\/2022\/01\/Uskoro-krece-prodaja-parking-karata-Mostar-MoParking-Naslovna.jpg",798,438,false],"trp-custom-language-flag":["https:\/\/moparking.ba\/wp-content\/uploads\/2022\/01\/Uskoro-krece-prodaja-parking-karata-Mostar-MoParking-Naslovna-18x10.jpg",18,10,true],"ultp_layout_landscape_large":["https:\/\/moparking.ba\/wp-content\/uploads\/2022\/01\/Uskoro-krece-prodaja-parking-karata-Mostar-MoParking-Naslovna.jpg",798,438,false],"ultp_layout_landscape":["https:\/\/moparking.ba\/wp-content\/uploads\/2022\/01\/Uskoro-krece-prodaja-parking-karata-Mostar-MoParking-Naslovna.jpg",798,438,false],"ultp_layout_portrait":["https:\/\/moparking.ba\/wp-content\/uploads\/2022\/01\/Uskoro-krece-prodaja-parking-karata-Mostar-MoParking-Naslovna-600x438.jpg",600,438,true],"ultp_layout_square":["https:\/\/moparking.ba\/wp-content\/uploads\/2022\/01\/Uskoro-krece-prodaja-parking-karata-Mostar-MoParking-Naslovna-600x438.jpg",600,438,true]},"uagb_author_info":{"display_name":"Administrator","author_link":"https:\/\/moparking.ba\/bs\/author\/admin\/"},"uagb_comment_info":0,"uagb_excerpt":"&#8221;Poduze\u0107e je spremno za rad&#8221;, rekao je novinarima Ivan Barbari\u0107, direktor JP Mostar Parkinga. Naime, od 10. sije\u010dnja Mostar Parking kre\u0107e s prodajom mjese\u010dnih i godi\u0161njih karata u svojim prostorijama. &#8221;Od 7. velja\u010de \u0107emo krenuti s kontrolom parkinga na terenu,. U tom periodu od 10. sije\u010dnja do 7. velja\u010de, gra\u0111ani \u0107e mo\u0107i vidjeti uniformirane i","_links":{"self":[{"href":"https:\/\/moparking.ba\/bs\/wp-json\/wp\/v2\/posts\/1648","targetHints":{"allow":["GET"]}}],"collection":[{"href":"https:\/\/moparking.ba\/bs\/wp-json\/wp\/v2\/posts"}],"about":[{"href":"https:\/\/moparking.ba\/bs\/wp-json\/wp\/v2\/types\/post"}],"author":[{"embeddable":true,"href":"https:\/\/moparking.ba\/bs\/wp-json\/wp\/v2\/users\/1"}],"replies":[{"embeddable":true,"href":"https:\/\/moparking.ba\/bs\/wp-json\/wp\/v2\/comments?post=1648"}],"version-history":[{"count":3,"href":"https:\/\/moparking.ba\/bs\/wp-json\/wp\/v2\/posts\/1648\/revisions"}],"predecessor-version":[{"id":1654,"href":"https:\/\/moparking.ba\/bs\/wp-json\/wp\/v2\/posts\/1648\/revisions\/1654"}],"wp:featuredmedia":[{"embeddable":true,"href":"https:\/\/moparking.ba\/bs\/wp-json\/wp\/v2\/media\/1649"}],"wp:attachment":[{"href":"https:\/\/moparking.ba\/bs\/wp-json\/wp\/v2\/media?parent=1648"}],"wp:term":[{"taxonomy":"category","embeddable":true,"href":"https:\/\/moparking.ba\/bs\/wp-json\/wp\/v2\/categories?post=1648"},{"taxonomy":"post_tag","embeddable":true,"href":"https:\/\/moparking.ba\/bs\/wp-json\/wp\/v2\/tags?post=1648"}],"curies":[{"name":"wp","href":"https:\/\/api.w.org\/{rel}","templated":true}]}}